{"id":97823,"date":"2019-10-11T12:42:33","date_gmt":"2019-10-11T10:42:33","guid":{"rendered":"http:\/\/polishscience.pl\/?p=97823"},"modified":"2019-10-11T13:44:14","modified_gmt":"2019-10-11T11:44:14","slug":"ksiazka-naukowca-akademii-pomorskiej-w-slupsku-nominowana-do-nagrody-ksiazka-historyczna-roku","status":"publish","type":"post","link":"https:\/\/www.polishscience.pl\/pl\/ksiazka-naukowca-akademii-pomorskiej-w-slupsku-nominowana-do-nagrody-ksiazka-historyczna-roku\/","title":{"rendered":"Ksi\u0105\u017cka naukowca Akademii Pomorskiej w S\u0142upsku nominowana do nagrody &#8222;Ksi\u0105\u017cka Historyczna Roku&#8221;"},"content":{"rendered":"<p><strong>Ksi\u0105\u017cka prof. Roberta Ku\u015bnierza z Instytutu Historii i Politologii\u00a0 Akademii Pomorskiej w S\u0142upsku &#8222;Nas, Polak\u00f3w, nie ma kto broni\u0107. Represje wobec Polak\u00f3w w Zwi\u0105zku Sowieckim w latach 1935-1938 w materia\u0142ach MSZ i wywiadu wojskowego Drugiej Rzeczypospolitej 2018\u201d, zosta\u0142a nominowana w presti\u017cowym konkursie &#8222;Ksi\u0105\u017cka Historyczna Roku&#8221;.<\/strong><\/p>\n<p>Plebiscyt organizuj\u0105 Telewizja Polska, Polskie Radio, Instytut Pami\u0119ci Narodowej oraz Narodowe Centrum Kultury. Ksi\u0105\u017cka prof. Ku\u015bnierza zosta\u0142a nominowana w kategorii \u201eNajlepsze wydawnictwo \u017ar\u00f3d\u0142owe po\u015bwi\u0119cone historii Polski i Polak\u00f3w w XX wieku&#8221;. Zwyci\u0119zc\u00f3w poznamy podczas uroczystej gali, w listopadzie w Warszawie \u2013 czytamy w serwisie uczelni.<\/p>\n<p>Prof. Ku\u015bnierz jest autorem m.in. monografii &#8222;W \u015bwiecie stalinowskich zbrodni&#8230;&#8221;, za kt\u00f3r\u0105\u00a0 zosta\u0142 nominowany do Nagrody Naukowej im. Jerzego Giedroycia. Jest tak\u017ce laureatem konkursu Ministra Nauki i Szkolnictwa Wy\u017cszego w programie Narodowy Program Rozwoju Humanistyki \u2013 czytamy w serwisie uczelni.<\/p>\n<p>&nbsp;<\/p>\n<p>jsz<\/p>\n","protected":false},"excerpt":{"rendered":"<p>Ksi\u0105\u017cka prof. Roberta Ku\u015bnierza z Instytutu Historii i Politologii\u00a0 Akademii Pomorskiej w S\u0142upsku &#8222;Nas, Polak\u00f3w, nie ma kto broni\u0107. Represje wobec Polak\u00f3w w Zwi\u0105zku Sowieckim w latach 1935-1938 w materia\u0142ach MSZ i wywiadu wojskowego Drugiej Rzeczypospolitej 2018\u201d, zosta\u0142a nominowana w presti\u017cowym konkursie &#8222;Ksi\u0105\u017cka Historyczna Roku&#8221;. Plebiscyt organizuj\u0105 Telewizja Polska, Polskie Radio, Instytut Pami\u0119ci Narodowej oraz [&hellip;]<\/p>\n","protected":false},"author":6,"featured_media":0,"comment_status":"closed","ping_status":"closed","sticky":false,"template":"","format":"standard","meta":[],"categories":[16],"tags":[],"_links":{"self":[{"href":"https:\/\/www.polishscience.pl\/pl\/wp-json\/wp\/v2\/posts\/97823"}],"collection":[{"href":"https:\/\/www.polishscience.pl\/pl\/wp-json\/wp\/v2\/posts"}],"about":[{"href":"https:\/\/www.polishscience.pl\/pl\/wp-json\/wp\/v2\/types\/post"}],"author":[{"embeddable":true,"href":"https:\/\/www.polishscience.pl\/pl\/wp-json\/wp\/v2\/users\/6"}],"replies":[{"embeddable":true,"href":"https:\/\/www.polishscience.pl\/pl\/wp-json\/wp\/v2\/comments?post=97823"}],"version-history":[{"count":0,"href":"https:\/\/www.polishscience.pl\/pl\/wp-json\/wp\/v2\/posts\/97823\/revisions"}],"wp:attachment":[{"href":"https:\/\/www.polishscience.pl\/pl\/wp-json\/wp\/v2\/media?parent=97823"}],"wp:term":[{"taxonomy":"category","embeddable":true,"href":"https:\/\/www.polishscience.pl\/pl\/wp-json\/wp\/v2\/categories?post=97823"},{"taxonomy":"post_tag","embeddable":true,"href":"https:\/\/www.polishscience.pl\/pl\/wp-json\/wp\/v2\/tags?post=97823"}],"curies":[{"name":"wp","href":"https:\/\/api.w.org\/{rel}","templated":true}]}}