{"id":95864,"date":"2019-09-30T11:03:32","date_gmt":"2019-09-30T09:03:32","guid":{"rendered":"http:\/\/polishscience.pl\/?p=95864"},"modified":"2019-09-30T11:03:32","modified_gmt":"2019-09-30T09:03:32","slug":"w-lodzi-konferencja-naukowa-z-cyklu-badania-mlodych-naukowcow","status":"publish","type":"post","link":"https:\/\/www.polishscience.pl\/pl\/w-lodzi-konferencja-naukowa-z-cyklu-badania-mlodych-naukowcow\/","title":{"rendered":"W \u0141odzi konferencja naukowa z cyklu Badania M\u0142odych Naukowc\u00f3w"},"content":{"rendered":"<p><strong>II Interdyscyplinarna Konferencja Naukowa z cyklu Badania M\u0142odych Naukowc\u00f3w \u201eWiedza \u2013 Inspiracja \u2013 Pasja\u201d odb\u0119dzie si\u0119 w \u0141odzi w dniach 4-5 pa\u017adziernika 2019 roku.<\/strong><\/p>\n<p>Konferencja skierowana jest g\u0142\u00f3wnie do student\u00f3w i doktorant\u00f3w z Polski oraz z zagranicy, a jej g\u0142\u00f3wnym celem jest wymiana pogl\u0105d\u00f3w, dzielenie si\u0119 wiedz\u0105 i do\u015bwiadczeniem w zakresie w\u0142asnych bada\u0144 naukowych. Chcemy stworzy\u0107 m\u0142odym naukowcom okazj\u0119 do zaprezentowania swoich prac badawczych z zakresu trzech dziedzin: nauki humanistyczne, nauki spo\u0142eczne, nauki \u015bcis\u0142e i przyrodnicze.<\/p>\n<p>Wydarzenie stanowi podsumowanie II edycji Studenckich Grant\u00f3w Badawczych \u2013 nowatorskiego projektu Uniwersytetu \u0141\u00f3dzkiego, kt\u00f3rego celem jest finansowanie bada\u0144 prowadzonych przez m\u0142odych naukowc\u00f3w.<\/p>\n<p>&nbsp;<\/p>\n<p>jp<\/p>\n","protected":false},"excerpt":{"rendered":"<p>II Interdyscyplinarna Konferencja Naukowa z cyklu Badania M\u0142odych Naukowc\u00f3w \u201eWiedza \u2013 Inspiracja \u2013 Pasja\u201d odb\u0119dzie si\u0119 w \u0141odzi w dniach 4-5 pa\u017adziernika 2019 roku. Konferencja skierowana jest g\u0142\u00f3wnie do student\u00f3w i doktorant\u00f3w z Polski oraz z zagranicy, a jej g\u0142\u00f3wnym celem jest wymiana pogl\u0105d\u00f3w, dzielenie si\u0119 wiedz\u0105 i do\u015bwiadczeniem w zakresie w\u0142asnych bada\u0144 naukowych. Chcemy [&hellip;]<\/p>\n","protected":false},"author":6,"featured_media":0,"comment_status":"closed","ping_status":"closed","sticky":false,"template":"","format":"standard","meta":[],"categories":[22],"tags":[],"_links":{"self":[{"href":"https:\/\/www.polishscience.pl\/pl\/wp-json\/wp\/v2\/posts\/95864"}],"collection":[{"href":"https:\/\/www.polishscience.pl\/pl\/wp-json\/wp\/v2\/posts"}],"about":[{"href":"https:\/\/www.polishscience.pl\/pl\/wp-json\/wp\/v2\/types\/post"}],"author":[{"embeddable":true,"href":"https:\/\/www.polishscience.pl\/pl\/wp-json\/wp\/v2\/users\/6"}],"replies":[{"embeddable":true,"href":"https:\/\/www.polishscience.pl\/pl\/wp-json\/wp\/v2\/comments?post=95864"}],"version-history":[{"count":0,"href":"https:\/\/www.polishscience.pl\/pl\/wp-json\/wp\/v2\/posts\/95864\/revisions"}],"wp:attachment":[{"href":"https:\/\/www.polishscience.pl\/pl\/wp-json\/wp\/v2\/media?parent=95864"}],"wp:term":[{"taxonomy":"category","embeddable":true,"href":"https:\/\/www.polishscience.pl\/pl\/wp-json\/wp\/v2\/categories?post=95864"},{"taxonomy":"post_tag","embeddable":true,"href":"https:\/\/www.polishscience.pl\/pl\/wp-json\/wp\/v2\/tags?post=95864"}],"curies":[{"name":"wp","href":"https:\/\/api.w.org\/{rel}","templated":true}]}}