{"id":95143,"date":"2019-09-24T12:13:33","date_gmt":"2019-09-24T10:13:33","guid":{"rendered":"http:\/\/polishscience.pl\/?p=95143"},"modified":"2019-09-24T14:10:36","modified_gmt":"2019-09-24T12:10:36","slug":"kongres-inicjatyw-europy-wschodniej-w-lublinie","status":"publish","type":"post","link":"https:\/\/www.polishscience.pl\/pl\/kongres-inicjatyw-europy-wschodniej-w-lublinie\/","title":{"rendered":"Kongres Inicjatyw Europy Wschodniej w Lublinie"},"content":{"rendered":"<p><strong>W Lublinie do 24 wrze\u015bnia 2019 roku trwa Kongres Inicjatyw Europy Wschodniej. Organizatorami wydarzenia s\u0105 Centrum Europy Wschodniej i Wydzia\u0142 Politologii Uniwersytetu Marii Curie Sk\u0142odowskiej (UMCS), Instytut Europy \u015arodkowej oraz Instytut Nauk Politycznych i Spraw Mi\u0119dzynarodowych Katolickiego Uniwersytetu Lubelskiego (KUL).\u00a0<\/strong><\/p>\n<p>Tegoroczna VIII edycja Kongresu po\u015bwi\u0119cona jest wyj\u0105tkowym wydarzeniom oraz ich roli w naszej wsp\u00f3\u0142czesnej rzeczywisto\u015bci.<\/p>\n<p>W\u015br\u00f3d tych wydarze\u0144 rzecznik prasowy UMCS Aneta Adamska, wymienia: 450. rocznic\u0119 zawarcia unii polsko-litewskiej, zwanej Uni\u0105 Lubelsk\u0105, 15-lecie wst\u0105pienia Polski do Unii Europejskiej, 20-lecie cz\u0142onkostwa w NATO i 30-lecie przemian demokratycznych w regionie Europy \u015arodkowej.<\/p>\n<p>Jest to doskona\u0142y punkt wyj\u015bcia do dyskusji o przysz\u0142o\u015bci wsp\u00f3\u0142czesnej Europy, jej to\u017csamo\u015bci, wyzwaniach, z kt\u00f3rymi trzeba si\u0119 zmierzy\u0107 oraz o potrzebie g\u0142\u0119bszej integracji i wsp\u00f3\u0142pracy \u2013 dodaje rzecznik UMCS.<\/p>\n<p>Istotnym elementem Kongresu s\u0105 tak\u017ce panele po\u015bwi\u0119cone stosunkom gospodarczym, regionalnym partnerstwom, wsp\u00f3\u0142pracy transnarodowej i regionalnej.<\/p>\n<p>&nbsp;<\/p>\n<p>jp<\/p>\n<p>&nbsp;<\/p>\n","protected":false},"excerpt":{"rendered":"<p>W Lublinie do 24 wrze\u015bnia 2019 roku trwa Kongres Inicjatyw Europy Wschodniej. Organizatorami wydarzenia s\u0105 Centrum Europy Wschodniej i Wydzia\u0142 Politologii Uniwersytetu Marii Curie Sk\u0142odowskiej (UMCS), Instytut Europy \u015arodkowej oraz Instytut Nauk Politycznych i Spraw Mi\u0119dzynarodowych Katolickiego Uniwersytetu Lubelskiego (KUL).\u00a0 Tegoroczna VIII edycja Kongresu po\u015bwi\u0119cona jest wyj\u0105tkowym wydarzeniom oraz ich roli w naszej wsp\u00f3\u0142czesnej rzeczywisto\u015bci. [&hellip;]<\/p>\n","protected":false},"author":6,"featured_media":0,"comment_status":"closed","ping_status":"closed","sticky":false,"template":"","format":"standard","meta":[],"categories":[22],"tags":[],"_links":{"self":[{"href":"https:\/\/www.polishscience.pl\/pl\/wp-json\/wp\/v2\/posts\/95143"}],"collection":[{"href":"https:\/\/www.polishscience.pl\/pl\/wp-json\/wp\/v2\/posts"}],"about":[{"href":"https:\/\/www.polishscience.pl\/pl\/wp-json\/wp\/v2\/types\/post"}],"author":[{"embeddable":true,"href":"https:\/\/www.polishscience.pl\/pl\/wp-json\/wp\/v2\/users\/6"}],"replies":[{"embeddable":true,"href":"https:\/\/www.polishscience.pl\/pl\/wp-json\/wp\/v2\/comments?post=95143"}],"version-history":[{"count":0,"href":"https:\/\/www.polishscience.pl\/pl\/wp-json\/wp\/v2\/posts\/95143\/revisions"}],"wp:attachment":[{"href":"https:\/\/www.polishscience.pl\/pl\/wp-json\/wp\/v2\/media?parent=95143"}],"wp:term":[{"taxonomy":"category","embeddable":true,"href":"https:\/\/www.polishscience.pl\/pl\/wp-json\/wp\/v2\/categories?post=95143"},{"taxonomy":"post_tag","embeddable":true,"href":"https:\/\/www.polishscience.pl\/pl\/wp-json\/wp\/v2\/tags?post=95143"}],"curies":[{"name":"wp","href":"https:\/\/api.w.org\/{rel}","templated":true}]}}