{"id":94966,"date":"2019-09-23T13:53:12","date_gmt":"2019-09-23T11:53:12","guid":{"rendered":"http:\/\/polishscience.pl\/?p=94966"},"modified":"2019-09-23T13:53:52","modified_gmt":"2019-09-23T11:53:52","slug":"naukowiec-uniwersytetu-przyrodniczego-w-poznaniu-prezesem-polskiego-towarzystwa-entomologicznego","status":"publish","type":"post","link":"https:\/\/www.polishscience.pl\/pl\/naukowiec-uniwersytetu-przyrodniczego-w-poznaniu-prezesem-polskiego-towarzystwa-entomologicznego\/","title":{"rendered":"Naukowiec Uniwersytetu Przyrodniczego w Poznaniu prezesem Polskiego Towarzystwa Entomologicznego"},"content":{"rendered":"<p><strong>Dr in\u017c. Pawe\u0142 Sienkiewicz z Katedry Entomologii i Ochrony \u015arodowiska Uniwersytetu Przyrodniczego w Poznaniu zosta\u0142 wybrany prezesem Polskiego Towarzystwa Entomologicznego. Wyboru dokonano podczas 51. Zjazdu Towarzystwa w Urszulinie, w Poleskim Parku Narodowym \u2013 informuje uczelnia.<\/strong><\/p>\n<p>W zarz\u0105dzie Towarzystwa na now\u0105 trzyletni\u0105 kadencj\u0119 zasiadaj\u0105 r\u00f3wnie\u017c naukowcy z innych o\u015brodk\u00f3w: dr hab. Tomasz Pyrcz z Uniwersytetu Jagiello\u0144skiego (wiceprezes), dr Rafa\u0142 Ruta z Uniwersytetu Wroc\u0142awskiego (Skarbnik), dr Dawid Marczak z Kampinoskiego Parku Narodowego.<\/p>\n<p>Cz\u0142onkami zarz\u0105du Towarzystwa, kt\u00f3re dzia\u0142a nieprzerwanie od 1923 roku, zostali dr Mi\u0142osz A. Mazur z Uniwersytetu Opolskiego, dr Agnieszka Soszy\u0144ska-Maj z Uniwersytetu \u0141\u00f3dzkiego, dr hab. Katarzyna Golan z Uniwersytetu Przyrodniczego w Lublinie oraz dr Karol Szawaryn z Muzeum i Instytutu Zoologii Polskiej Akademii Nauk w Warszawie.<\/p>\n<p>&nbsp;<\/p>\n<p>jsz<\/p>\n","protected":false},"excerpt":{"rendered":"<p>Dr in\u017c. Pawe\u0142 Sienkiewicz z Katedry Entomologii i Ochrony \u015arodowiska Uniwersytetu Przyrodniczego w Poznaniu zosta\u0142 wybrany prezesem Polskiego Towarzystwa Entomologicznego. Wyboru dokonano podczas 51. Zjazdu Towarzystwa w Urszulinie, w Poleskim Parku Narodowym \u2013 informuje uczelnia. W zarz\u0105dzie Towarzystwa na now\u0105 trzyletni\u0105 kadencj\u0119 zasiadaj\u0105 r\u00f3wnie\u017c naukowcy z innych o\u015brodk\u00f3w: dr hab. Tomasz Pyrcz z Uniwersytetu Jagiello\u0144skiego [&hellip;]<\/p>\n","protected":false},"author":6,"featured_media":0,"comment_status":"closed","ping_status":"closed","sticky":false,"template":"","format":"standard","meta":[],"categories":[22],"tags":[],"_links":{"self":[{"href":"https:\/\/www.polishscience.pl\/pl\/wp-json\/wp\/v2\/posts\/94966"}],"collection":[{"href":"https:\/\/www.polishscience.pl\/pl\/wp-json\/wp\/v2\/posts"}],"about":[{"href":"https:\/\/www.polishscience.pl\/pl\/wp-json\/wp\/v2\/types\/post"}],"author":[{"embeddable":true,"href":"https:\/\/www.polishscience.pl\/pl\/wp-json\/wp\/v2\/users\/6"}],"replies":[{"embeddable":true,"href":"https:\/\/www.polishscience.pl\/pl\/wp-json\/wp\/v2\/comments?post=94966"}],"version-history":[{"count":0,"href":"https:\/\/www.polishscience.pl\/pl\/wp-json\/wp\/v2\/posts\/94966\/revisions"}],"wp:attachment":[{"href":"https:\/\/www.polishscience.pl\/pl\/wp-json\/wp\/v2\/media?parent=94966"}],"wp:term":[{"taxonomy":"category","embeddable":true,"href":"https:\/\/www.polishscience.pl\/pl\/wp-json\/wp\/v2\/categories?post=94966"},{"taxonomy":"post_tag","embeddable":true,"href":"https:\/\/www.polishscience.pl\/pl\/wp-json\/wp\/v2\/tags?post=94966"}],"curies":[{"name":"wp","href":"https:\/\/api.w.org\/{rel}","templated":true}]}}