{"id":94619,"date":"2019-09-19T12:39:23","date_gmt":"2019-09-19T10:39:23","guid":{"rendered":"http:\/\/polishscience.pl\/?p=94619"},"modified":"2019-09-19T14:05:55","modified_gmt":"2019-09-19T12:05:55","slug":"rusza-nowa-edycja-wroclawskiej-wszechnicy-filozoficznej","status":"publish","type":"post","link":"https:\/\/www.polishscience.pl\/pl\/rusza-nowa-edycja-wroclawskiej-wszechnicy-filozoficznej\/","title":{"rendered":"Rusza nowa edycja Wroc\u0142awskiej Wszechnicy Filozoficznej"},"content":{"rendered":"<p><strong>Wroc\u0142awska Wszechnica Filozoficzna zaprasza na cykl otwartych spotka\u0144 podejmuj\u0105cych w perspektywie filozoficznej refleksj\u0119 nad \u017cywotnymi problemami wywodz\u0105cymi si\u0119 z dziedzictwa my\u015bli Zachodu. Ka\u017cde spotkanie b\u0119dzie sk\u0142ada\u0142o si\u0119 z wyk\u0142adu\/debaty i dyskusji.<\/strong><\/p>\n<p>Do ko\u0144ca roku organizatorzy &#8211; Instytut Filozofii Uniwersytetu Wroc\u0142awskiego, Liceum Og\u00f3lnokszta\u0142c\u0105ce nr IX im. Juliusza S\u0142owackiego we Wroc\u0142awiu oraz oddzia\u0142 wroc\u0142awski Polskiego Towarzystwa Filozoficznego \u2013 zapowiadaj\u0105 podj\u0119cie nast\u0119puj\u0105cych temat\u00f3w: 7 pa\u017adziernika &#8211; Jak mo\u017cliwy jest \u015bwiat bez wojny?; 4 listopada &#8211; Czy idea uniwersytetu jest ci\u0105gle aktualna?; 2 grudnia &#8211; Czy zwierz\u0119ta s\u0105 niewolnikami cz\u0142owieka?<\/p>\n<p>Osobom, kt\u00f3re b\u0119d\u0105 obecne na co najmniej 6 z 9 planowanych spotka\u0144 organizatorzy zaproponuj\u0105 za\u015bwiadczenia potwierdzaj\u0105ce ich udzia\u0142 w przedsi\u0119wzi\u0119ciu. Wszystkie spotkania b\u0119d\u0105 odbywa\u0142y si\u0119 w auli Liceum Og\u00f3lnokszta\u0142c\u0105cego nr IX\u00a0 im. Juliusza S\u0142owackiego.<\/p>\n<p>&nbsp;<\/p>\n<p>jsz<\/p>\n","protected":false},"excerpt":{"rendered":"<p>Wroc\u0142awska Wszechnica Filozoficzna zaprasza na cykl otwartych spotka\u0144 podejmuj\u0105cych w perspektywie filozoficznej refleksj\u0119 nad \u017cywotnymi problemami wywodz\u0105cymi si\u0119 z dziedzictwa my\u015bli Zachodu. Ka\u017cde spotkanie b\u0119dzie sk\u0142ada\u0142o si\u0119 z wyk\u0142adu\/debaty i dyskusji. Do ko\u0144ca roku organizatorzy &#8211; Instytut Filozofii Uniwersytetu Wroc\u0142awskiego, Liceum Og\u00f3lnokszta\u0142c\u0105ce nr IX im. Juliusza S\u0142owackiego we Wroc\u0142awiu oraz oddzia\u0142 wroc\u0142awski Polskiego Towarzystwa Filozoficznego [&hellip;]<\/p>\n","protected":false},"author":6,"featured_media":0,"comment_status":"closed","ping_status":"closed","sticky":false,"template":"","format":"standard","meta":[],"categories":[16,22],"tags":[],"_links":{"self":[{"href":"https:\/\/www.polishscience.pl\/pl\/wp-json\/wp\/v2\/posts\/94619"}],"collection":[{"href":"https:\/\/www.polishscience.pl\/pl\/wp-json\/wp\/v2\/posts"}],"about":[{"href":"https:\/\/www.polishscience.pl\/pl\/wp-json\/wp\/v2\/types\/post"}],"author":[{"embeddable":true,"href":"https:\/\/www.polishscience.pl\/pl\/wp-json\/wp\/v2\/users\/6"}],"replies":[{"embeddable":true,"href":"https:\/\/www.polishscience.pl\/pl\/wp-json\/wp\/v2\/comments?post=94619"}],"version-history":[{"count":0,"href":"https:\/\/www.polishscience.pl\/pl\/wp-json\/wp\/v2\/posts\/94619\/revisions"}],"wp:attachment":[{"href":"https:\/\/www.polishscience.pl\/pl\/wp-json\/wp\/v2\/media?parent=94619"}],"wp:term":[{"taxonomy":"category","embeddable":true,"href":"https:\/\/www.polishscience.pl\/pl\/wp-json\/wp\/v2\/categories?post=94619"},{"taxonomy":"post_tag","embeddable":true,"href":"https:\/\/www.polishscience.pl\/pl\/wp-json\/wp\/v2\/tags?post=94619"}],"curies":[{"name":"wp","href":"https:\/\/api.w.org\/{rel}","templated":true}]}}