{"id":94612,"date":"2019-09-19T11:09:52","date_gmt":"2019-09-19T09:09:52","guid":{"rendered":"http:\/\/polishscience.pl\/?p=94612"},"modified":"2019-09-19T11:09:52","modified_gmt":"2019-09-19T09:09:52","slug":"dzien-otwarty-w-centrum-astronomicznym-im-mikolaja-kopernika-polskiej-akademii-nauk","status":"publish","type":"post","link":"https:\/\/www.polishscience.pl\/pl\/dzien-otwarty-w-centrum-astronomicznym-im-mikolaja-kopernika-polskiej-akademii-nauk\/","title":{"rendered":"Dzie\u0144 Otwarty w Centrum Astronomicznym im. Miko\u0142aja Kopernika Polskiej Akademii Nauk"},"content":{"rendered":"<p><strong>W niedziel\u0119 22 wrze\u015bnia 2019 roku w Warszawie odb\u0119dzie si\u0119 Dzie\u0144 Otwarty w Centrum Astronomicznym im. Miko\u0142aja Kopernika (CAMK) Polskiej Akademii Nauk (PAN). Wyk\u0142adom towarzyszy\u0107 b\u0119d\u0105 imprezy plenerowe oraz warsztaty dla dzieci.<\/strong><\/p>\n<p>Wyk\u0142ady rozpoczn\u0105 si\u0119 od wyst\u0105pienia Marka Abramowicza, po\u015bwi\u0119conego pierwszym w historii zdj\u0119ciom czarnej dziury. Nast\u0119pnie Krzysztof Nalewajko wyg\u0142osi prelekcj\u0119 zatytu\u0142owan\u0105 \u201eWidmo Wszech\u015bwiata\u201d,\u00a0 a Micha\u0142 Bejger zajmie si\u0119 astrofizyk\u0105 fal grawitacyjnych. Wojciech Pych zaprezentuje wyk\u0142ad zatytu\u0142owany \u201ePolskie obserwatorium w Chile\u201d.<\/p>\n<p>Pracownicy CAMK PAN zaprosz\u0105 dzieci do poszukiwania astronomicznej wiedzy poprzez gry i zabawy plastyczne.<\/p>\n<p>B\u0119dziemy budowa\u0107 kratery ksi\u0119\u017cycowe z masy solnej, poznawa\u0107 powierzchni\u0119 Ksi\u0119\u017cyca uk\u0142adaj\u0105c magnetyczne puzzle i buduj\u0105c zegar faz Ksi\u0119\u017cyca. Je\u015bli b\u0119dziecie z nami, to poznacie r\u00f3wnie\u017c znaki zodiaku, a tak\u017ce wykonacie plastelinowy model Uk\u0142adu S\u0142onecznego. Dla wytrwa\u0142ych proponujemy wycieczk\u0119 na Ksi\u0119\u017cyc, unikatowe astronomiczne puzzle oraz zagadki i rebusy \u2013 informuje PAN.<\/p>\n<p>&nbsp;<\/p>\n<p>jp<\/p>\n","protected":false},"excerpt":{"rendered":"<p>W niedziel\u0119 22 wrze\u015bnia 2019 roku w Warszawie odb\u0119dzie si\u0119 Dzie\u0144 Otwarty w Centrum Astronomicznym im. Miko\u0142aja Kopernika (CAMK) Polskiej Akademii Nauk (PAN). Wyk\u0142adom towarzyszy\u0107 b\u0119d\u0105 imprezy plenerowe oraz warsztaty dla dzieci. Wyk\u0142ady rozpoczn\u0105 si\u0119 od wyst\u0105pienia Marka Abramowicza, po\u015bwi\u0119conego pierwszym w historii zdj\u0119ciom czarnej dziury. Nast\u0119pnie Krzysztof Nalewajko wyg\u0142osi prelekcj\u0119 zatytu\u0142owan\u0105 \u201eWidmo Wszech\u015bwiata\u201d,\u00a0 a [&hellip;]<\/p>\n","protected":false},"author":6,"featured_media":0,"comment_status":"closed","ping_status":"closed","sticky":false,"template":"","format":"standard","meta":[],"categories":[22],"tags":[],"_links":{"self":[{"href":"https:\/\/www.polishscience.pl\/pl\/wp-json\/wp\/v2\/posts\/94612"}],"collection":[{"href":"https:\/\/www.polishscience.pl\/pl\/wp-json\/wp\/v2\/posts"}],"about":[{"href":"https:\/\/www.polishscience.pl\/pl\/wp-json\/wp\/v2\/types\/post"}],"author":[{"embeddable":true,"href":"https:\/\/www.polishscience.pl\/pl\/wp-json\/wp\/v2\/users\/6"}],"replies":[{"embeddable":true,"href":"https:\/\/www.polishscience.pl\/pl\/wp-json\/wp\/v2\/comments?post=94612"}],"version-history":[{"count":0,"href":"https:\/\/www.polishscience.pl\/pl\/wp-json\/wp\/v2\/posts\/94612\/revisions"}],"wp:attachment":[{"href":"https:\/\/www.polishscience.pl\/pl\/wp-json\/wp\/v2\/media?parent=94612"}],"wp:term":[{"taxonomy":"category","embeddable":true,"href":"https:\/\/www.polishscience.pl\/pl\/wp-json\/wp\/v2\/categories?post=94612"},{"taxonomy":"post_tag","embeddable":true,"href":"https:\/\/www.polishscience.pl\/pl\/wp-json\/wp\/v2\/tags?post=94612"}],"curies":[{"name":"wp","href":"https:\/\/api.w.org\/{rel}","templated":true}]}}