{"id":93942,"date":"2019-09-16T09:47:19","date_gmt":"2019-09-16T07:47:19","guid":{"rendered":"http:\/\/polishscience.pl\/?p=93942"},"modified":"2019-09-16T09:47:19","modified_gmt":"2019-09-16T07:47:19","slug":"na-uniwersytecie-warszawskim-konferencja-w-100-lecie-stosunkow-polsko-amerykanskich","status":"publish","type":"post","link":"https:\/\/www.polishscience.pl\/pl\/na-uniwersytecie-warszawskim-konferencja-w-100-lecie-stosunkow-polsko-amerykanskich\/","title":{"rendered":"Na Uniwersytecie Warszawskim konferencja w 100-lecie stosunk\u00f3w polsko-ameryka\u0144skich"},"content":{"rendered":"<p><strong>Wydzia\u0142 Nauk Politycznych i Stosunk\u00f3w Mi\u0119dzynarodowych Uniwersytetu Warszawskiego oraz Fundacja Jana Karskiego organizuj\u0105 w dniu 4 pa\u017adziernika 2019 roku w Warszawie konferencj\u0119 \u201eWielkie mocarstwo i Polska 1919-2019. 100 lat stosunk\u00f3w polsko-ameryka\u0144skich\u201d.<\/strong><\/p>\n<p>Wydarzenie b\u0119dzie sk\u0142ada\u0142o si\u0119 z dw\u00f3ch paneli tematycznych.<\/p>\n<p>Celem panelu \u201eStosunki transatlantyckie: wsp\u00f3lnota warto\u015bci i interes\u00f3w\u201d jest ocena kondycji wsp\u00f3lnoty transatlantyckiej, kt\u00f3ra pojawi\u0142a si\u0119 w ostatnich latach II wojny \u015bwiatowej i od tego czasu stawi\u0142a czo\u0142o zagro\u017ceniom zewn\u0119trznym, poradzi\u0142a sobie z r\u00f3\u017cnicami i napi\u0119ciami wewn\u0119trznymi. Przed jakimi wyzwaniami stoi dzisiaj? Jakie czynniki zagra\u017caj\u0105 jej spoisto\u015bci, a jakie jej s\u0142u\u017c\u0105?<\/p>\n<p>Drugi panel \u201eWsp\u00f3lnota atlantycka w \u015bwiecie power politics\u201d po\u015bwi\u0119cony b\u0119dzie liberalnemu porz\u0105dkowi mi\u0119dzynarodowemu, kt\u00f3ry tworzy\u0142a wsp\u00f3lnota atlantycka. Obecnie \u00f3w porz\u0105dek prze\u017cywa kryzys a mo\u017ce nawet zmierzch. Czy to jest proces nieodwracalny? Czy obserwowany w tym kontek\u015bcie powr\u00f3t power politics s\u0142u\u017cy USA i Europie, czy odwrotnie?<\/p>\n<p>W konferencji udzia\u0142 wezm\u0105 mi\u0119dzy innymi: Daniel Fried, by\u0142y ambasador USA w Polsce, Stephen D. Mull \u2013 prorektor ds. wsp\u00f3\u0142pracy mi\u0119dzynarodowej Uniwersytetu Wirginii oraz James P. Seevers \u2013 Dyrektor Studi\u00f3w oraz programu Georgetown Leadership Seminar w Instytucie Studi\u00f3w nad Dyplomacj\u0105 w Szkole S\u0142u\u017cby Zagranicznej im. Edmunda Walsha na Uniwersytecie Georgetown w Waszyngtonie.<\/p>\n<p>&nbsp;<\/p>\n<p>jp<\/p>\n","protected":false},"excerpt":{"rendered":"<p>Wydzia\u0142 Nauk Politycznych i Stosunk\u00f3w Mi\u0119dzynarodowych Uniwersytetu Warszawskiego oraz Fundacja Jana Karskiego organizuj\u0105 w dniu 4 pa\u017adziernika 2019 roku w Warszawie konferencj\u0119 \u201eWielkie mocarstwo i Polska 1919-2019. 100 lat stosunk\u00f3w polsko-ameryka\u0144skich\u201d. Wydarzenie b\u0119dzie sk\u0142ada\u0142o si\u0119 z dw\u00f3ch paneli tematycznych. Celem panelu \u201eStosunki transatlantyckie: wsp\u00f3lnota warto\u015bci i interes\u00f3w\u201d jest ocena kondycji wsp\u00f3lnoty transatlantyckiej, kt\u00f3ra pojawi\u0142a si\u0119 [&hellip;]<\/p>\n","protected":false},"author":6,"featured_media":0,"comment_status":"closed","ping_status":"closed","sticky":false,"template":"","format":"standard","meta":[],"categories":[22],"tags":[],"_links":{"self":[{"href":"https:\/\/www.polishscience.pl\/pl\/wp-json\/wp\/v2\/posts\/93942"}],"collection":[{"href":"https:\/\/www.polishscience.pl\/pl\/wp-json\/wp\/v2\/posts"}],"about":[{"href":"https:\/\/www.polishscience.pl\/pl\/wp-json\/wp\/v2\/types\/post"}],"author":[{"embeddable":true,"href":"https:\/\/www.polishscience.pl\/pl\/wp-json\/wp\/v2\/users\/6"}],"replies":[{"embeddable":true,"href":"https:\/\/www.polishscience.pl\/pl\/wp-json\/wp\/v2\/comments?post=93942"}],"version-history":[{"count":0,"href":"https:\/\/www.polishscience.pl\/pl\/wp-json\/wp\/v2\/posts\/93942\/revisions"}],"wp:attachment":[{"href":"https:\/\/www.polishscience.pl\/pl\/wp-json\/wp\/v2\/media?parent=93942"}],"wp:term":[{"taxonomy":"category","embeddable":true,"href":"https:\/\/www.polishscience.pl\/pl\/wp-json\/wp\/v2\/categories?post=93942"},{"taxonomy":"post_tag","embeddable":true,"href":"https:\/\/www.polishscience.pl\/pl\/wp-json\/wp\/v2\/tags?post=93942"}],"curies":[{"name":"wp","href":"https:\/\/api.w.org\/{rel}","templated":true}]}}