{"id":93721,"date":"2019-09-13T16:09:18","date_gmt":"2019-09-13T14:09:18","guid":{"rendered":"http:\/\/polishscience.pl\/?p=93721"},"modified":"2019-09-13T16:21:34","modified_gmt":"2019-09-13T14:21:34","slug":"uniwersytet-szczecinski-i-komenda-wojewodzka-policji-w-szczecinie-przeciwko-hejtowi","status":"publish","type":"post","link":"https:\/\/www.polishscience.pl\/pl\/uniwersytet-szczecinski-i-komenda-wojewodzka-policji-w-szczecinie-przeciwko-hejtowi\/","title":{"rendered":"Uniwersytet Szczeci\u0144ski i Komenda Wojew\u00f3dzka Policji w Szczecinie przeciwko hejtowi"},"content":{"rendered":"<p><strong>Uniwersytet Szczeci\u0144ski i Komenda Wojew\u00f3dzka Policji w Szczecinie zrealizuj\u0105 projekt przeciwdzia\u0142ania hejtowi i mowie nienawi\u015bci w\u015br\u00f3d m\u0142odzie\u017cy wojew\u00f3dztwa zachodniopomorskiego \u2013 \u201e#donthejt\u201d \u2013 informuje uczelnia.<\/strong><\/p>\n<p>Projekt zak\u0142ada m.in. przeprowadzenie warsztat\u00f3w profilaktycznych w 20 szko\u0142ach \u015brednich wojew\u00f3dztwa i 10 szko\u0142ach w Szczecinie oraz stworzenie \u201epokoju tajemnic\u201d \u2013 specjalnie zaprojektowanego miejsca edukacji, w kt\u00f3rym grupy m\u0142odzie\u017cy b\u0119d\u0105 mog\u0142y dowiedzie\u0107 si\u0119 czym jest hejt w sieci i jak si\u0119 przed nim broni\u0107.<\/p>\n<p>W ramach projektu odb\u0119d\u0105 si\u0119 warsztaty stand up \u201ewy\u015bmiej hejt\u201d, podczas kt\u00f3rych organizatorzy postaraj\u0105 si\u0119 pokaza\u0107, \u017ce stosowanie hejtu powinno mie\u0107 konsekwencje prawne, jednak powinni\u015bmy nabra\u0107 do niego dystansu i nauczy\u0107 si\u0119 z nim post\u0119powa\u0107. B\u0119dzie te\u017c spot filmowy przestrzegaj\u0105cy przed skutkami hejtu w internecie i jego konsekwencjami dla m\u0142odego cz\u0142owieka, wystawa fotograficzna i symulacja rozprawy karnej \u201eska\u017c hejt na hejt\u201d.<\/p>\n<p>&nbsp;<\/p>\n<p>jsz<\/p>\n","protected":false},"excerpt":{"rendered":"<p>Uniwersytet Szczeci\u0144ski i Komenda Wojew\u00f3dzka Policji w Szczecinie zrealizuj\u0105 projekt przeciwdzia\u0142ania hejtowi i mowie nienawi\u015bci w\u015br\u00f3d m\u0142odzie\u017cy wojew\u00f3dztwa zachodniopomorskiego \u2013 \u201e#donthejt\u201d \u2013 informuje uczelnia. Projekt zak\u0142ada m.in. przeprowadzenie warsztat\u00f3w profilaktycznych w 20 szko\u0142ach \u015brednich wojew\u00f3dztwa i 10 szko\u0142ach w Szczecinie oraz stworzenie \u201epokoju tajemnic\u201d \u2013 specjalnie zaprojektowanego miejsca edukacji, w kt\u00f3rym grupy m\u0142odzie\u017cy b\u0119d\u0105 mog\u0142y [&hellip;]<\/p>\n","protected":false},"author":6,"featured_media":0,"comment_status":"closed","ping_status":"closed","sticky":false,"template":"","format":"standard","meta":[],"categories":[21,22],"tags":[],"_links":{"self":[{"href":"https:\/\/www.polishscience.pl\/pl\/wp-json\/wp\/v2\/posts\/93721"}],"collection":[{"href":"https:\/\/www.polishscience.pl\/pl\/wp-json\/wp\/v2\/posts"}],"about":[{"href":"https:\/\/www.polishscience.pl\/pl\/wp-json\/wp\/v2\/types\/post"}],"author":[{"embeddable":true,"href":"https:\/\/www.polishscience.pl\/pl\/wp-json\/wp\/v2\/users\/6"}],"replies":[{"embeddable":true,"href":"https:\/\/www.polishscience.pl\/pl\/wp-json\/wp\/v2\/comments?post=93721"}],"version-history":[{"count":0,"href":"https:\/\/www.polishscience.pl\/pl\/wp-json\/wp\/v2\/posts\/93721\/revisions"}],"wp:attachment":[{"href":"https:\/\/www.polishscience.pl\/pl\/wp-json\/wp\/v2\/media?parent=93721"}],"wp:term":[{"taxonomy":"category","embeddable":true,"href":"https:\/\/www.polishscience.pl\/pl\/wp-json\/wp\/v2\/categories?post=93721"},{"taxonomy":"post_tag","embeddable":true,"href":"https:\/\/www.polishscience.pl\/pl\/wp-json\/wp\/v2\/tags?post=93721"}],"curies":[{"name":"wp","href":"https:\/\/api.w.org\/{rel}","templated":true}]}}