{"id":93719,"date":"2019-09-13T14:16:15","date_gmt":"2019-09-13T12:16:15","guid":{"rendered":"http:\/\/polishscience.pl\/?p=93719"},"modified":"2019-09-13T14:29:27","modified_gmt":"2019-09-13T12:29:27","slug":"naukowiec-uniwersytetu-ekonomicznego-w-poznaniu-wiceprezydentem-ds-programu-w-apria","status":"publish","type":"post","link":"https:\/\/www.polishscience.pl\/pl\/naukowiec-uniwersytetu-ekonomicznego-w-poznaniu-wiceprezydentem-ds-programu-w-apria\/","title":{"rendered":"Naukowiec Uniwersytetu Ekonomicznego w Poznaniu wiceprezydentem ds. Programu w APRIA"},"content":{"rendered":"<p><strong>Dr hab. Piotr Manikowski, prof. nadzw. Uniwersytetu Ekonomicznego w Poznaniu, zosta\u0142 wybrany wiceprezydentem ds. Programu w Asia Pacific Risk and Insurance Association (APRIA) na kadencj\u0119 2019-2020 \u2013 informuje uczelnia.<\/strong><\/p>\n<p>G\u0142\u00f3wnym zadaniem naukowca z Katedry Ubezpiecze\u0144 pozna\u0144skiej uczelni b\u0119dzie opieka merytoryczna nad programem nowojorskiej konferencji WRIEC 2020 \u2013 najwa\u017cniejszej imprezy naukowej w dziedzinie ubezpiecze\u0144. To kolejny rok pracy prof. Manikowskiego we w\u0142adzach APRIA. W kadencji 2018-2019 sprawowa\u0142 funkcj\u0119 Sekretarza w Executive Committee, a w latach 2014-2017 by\u0142 cz\u0142onkiem Rady Naukowej tej organizacji.<\/p>\n<p>APRIA zosta\u0142a utworzona w 1997 roku. Jest jednym z trzech najwa\u017cniejszych mi\u0119dzynarodowych stowarzysze\u0144 ubezpieczeniowych, kt\u00f3re skupia naukowc\u00f3w z prawie wszystkich kontynent\u00f3w. Spotykaj\u0105 si\u0119 oni na dorocznych konferencjach celem przedstawienia wynik\u00f3w najnowszych bada\u0144 i dyskusji nad bie\u017c\u0105cymi wydarzeniami w zakresie ubezpiecze\u0144 i zarz\u0105dzania ryzykiem.<\/p>\n<p>&nbsp;<\/p>\n<p>jsz<\/p>\n","protected":false},"excerpt":{"rendered":"<p>Dr hab. Piotr Manikowski, prof. nadzw. Uniwersytetu Ekonomicznego w Poznaniu, zosta\u0142 wybrany wiceprezydentem ds. Programu w Asia Pacific Risk and Insurance Association (APRIA) na kadencj\u0119 2019-2020 \u2013 informuje uczelnia. G\u0142\u00f3wnym zadaniem naukowca z Katedry Ubezpiecze\u0144 pozna\u0144skiej uczelni b\u0119dzie opieka merytoryczna nad programem nowojorskiej konferencji WRIEC 2020 \u2013 najwa\u017cniejszej imprezy naukowej w dziedzinie ubezpiecze\u0144. To kolejny [&hellip;]<\/p>\n","protected":false},"author":6,"featured_media":0,"comment_status":"closed","ping_status":"closed","sticky":false,"template":"","format":"standard","meta":[],"categories":[22],"tags":[],"_links":{"self":[{"href":"https:\/\/www.polishscience.pl\/pl\/wp-json\/wp\/v2\/posts\/93719"}],"collection":[{"href":"https:\/\/www.polishscience.pl\/pl\/wp-json\/wp\/v2\/posts"}],"about":[{"href":"https:\/\/www.polishscience.pl\/pl\/wp-json\/wp\/v2\/types\/post"}],"author":[{"embeddable":true,"href":"https:\/\/www.polishscience.pl\/pl\/wp-json\/wp\/v2\/users\/6"}],"replies":[{"embeddable":true,"href":"https:\/\/www.polishscience.pl\/pl\/wp-json\/wp\/v2\/comments?post=93719"}],"version-history":[{"count":0,"href":"https:\/\/www.polishscience.pl\/pl\/wp-json\/wp\/v2\/posts\/93719\/revisions"}],"wp:attachment":[{"href":"https:\/\/www.polishscience.pl\/pl\/wp-json\/wp\/v2\/media?parent=93719"}],"wp:term":[{"taxonomy":"category","embeddable":true,"href":"https:\/\/www.polishscience.pl\/pl\/wp-json\/wp\/v2\/categories?post=93719"},{"taxonomy":"post_tag","embeddable":true,"href":"https:\/\/www.polishscience.pl\/pl\/wp-json\/wp\/v2\/tags?post=93719"}],"curies":[{"name":"wp","href":"https:\/\/api.w.org\/{rel}","templated":true}]}}