{"id":92573,"date":"2019-09-06T14:01:09","date_gmt":"2019-09-06T12:01:09","guid":{"rendered":"http:\/\/polishscience.pl\/?p=92573"},"modified":"2019-09-06T15:25:53","modified_gmt":"2019-09-06T13:25:53","slug":"zjazd-matematykow-polskich-w-krakowie","status":"publish","type":"post","link":"https:\/\/www.polishscience.pl\/pl\/zjazd-matematykow-polskich-w-krakowie\/","title":{"rendered":"Zjazd Matematyk\u00f3w Polskich w Krakowie"},"content":{"rendered":"<p><strong>Dla uczczenia setnej rocznicy za\u0142o\u017cenia Polskiego Towarzystwa Matematycznego (PTM), 3 wrze\u015bnia 2019 r. w auli Auditorium Maximum Uniwersytetu Jagiello\u0144skiego (UJ) rozpocz\u0105\u0142 si\u0119 Jubileuszowy Zjazd Matematyk\u00f3w Polskich. Spotkanie, podczas kt\u00f3rego dyskutowane b\u0119d\u0105 osi\u0105gni\u0119cia naukowe polskich matematyk\u00f3w potrwa do 7 wrze\u015bnia.<\/strong><\/p>\n<p>My\u015bl\u0105 przewodni\u0105 tego zjazdu powinny by\u0107 s\u0142owa Rogera Bacona: \u201e Matematyka jest drzwiami i kluczem do nauki. Kto lekcewa\u017cy osi\u0105gni\u0119cia matematyki, przynosi szkod\u0119 ca\u0142ej nauce, poniewa\u017c ten, kto nie zna matematyki, nie mo\u017ce pozna\u0107 innych nauk \u015bcis\u0142ych i nie mo\u017ce pozna\u0107 \u015bwiata\u201d \u2013 powiedzia\u0142 prof. Stanis\u0142aw Kistryn, prorektor UJ.<\/p>\n<p>Dziekan Wydzia\u0142u Matematyki i Informatyki UJ prof. W\u0142odzimierz Zwonek odczyta\u0142 list, kt\u00f3ry do organizator\u00f3w i uczestnik\u00f3w zjazdu skierowa\u0142 minister nauki i szkolnictwa wy\u017cszego Jaros\u0142aw Gowin. Wicepremier napisa\u0142 w nim, \u017ce \u201ejako filozof z wykszta\u0142cenia sk\u0142ada ho\u0142d jednemu z najpi\u0119kniejszych fenomen\u00f3w, kt\u00f3re zna i praktykuje ludzki umys\u0142 &#8211; matematyce czystej, kt\u00f3ra be\u017c \u017cadnych motywacji utylitarnych karmi si\u0119 jedynie fascynacj\u0105 prawd\u0105, nauk\u0105 i pi\u0119knem\u201d.<\/p>\n<p>&nbsp;<\/p>\n<p>jp<\/p>\n","protected":false},"excerpt":{"rendered":"<p>Dla uczczenia setnej rocznicy za\u0142o\u017cenia Polskiego Towarzystwa Matematycznego (PTM), 3 wrze\u015bnia 2019 r. w auli Auditorium Maximum Uniwersytetu Jagiello\u0144skiego (UJ) rozpocz\u0105\u0142 si\u0119 Jubileuszowy Zjazd Matematyk\u00f3w Polskich. Spotkanie, podczas kt\u00f3rego dyskutowane b\u0119d\u0105 osi\u0105gni\u0119cia naukowe polskich matematyk\u00f3w potrwa do 7 wrze\u015bnia. My\u015bl\u0105 przewodni\u0105 tego zjazdu powinny by\u0107 s\u0142owa Rogera Bacona: \u201e Matematyka jest drzwiami i kluczem do [&hellip;]<\/p>\n","protected":false},"author":6,"featured_media":0,"comment_status":"closed","ping_status":"closed","sticky":false,"template":"","format":"standard","meta":[],"categories":[22],"tags":[],"_links":{"self":[{"href":"https:\/\/www.polishscience.pl\/pl\/wp-json\/wp\/v2\/posts\/92573"}],"collection":[{"href":"https:\/\/www.polishscience.pl\/pl\/wp-json\/wp\/v2\/posts"}],"about":[{"href":"https:\/\/www.polishscience.pl\/pl\/wp-json\/wp\/v2\/types\/post"}],"author":[{"embeddable":true,"href":"https:\/\/www.polishscience.pl\/pl\/wp-json\/wp\/v2\/users\/6"}],"replies":[{"embeddable":true,"href":"https:\/\/www.polishscience.pl\/pl\/wp-json\/wp\/v2\/comments?post=92573"}],"version-history":[{"count":0,"href":"https:\/\/www.polishscience.pl\/pl\/wp-json\/wp\/v2\/posts\/92573\/revisions"}],"wp:attachment":[{"href":"https:\/\/www.polishscience.pl\/pl\/wp-json\/wp\/v2\/media?parent=92573"}],"wp:term":[{"taxonomy":"category","embeddable":true,"href":"https:\/\/www.polishscience.pl\/pl\/wp-json\/wp\/v2\/categories?post=92573"},{"taxonomy":"post_tag","embeddable":true,"href":"https:\/\/www.polishscience.pl\/pl\/wp-json\/wp\/v2\/tags?post=92573"}],"curies":[{"name":"wp","href":"https:\/\/api.w.org\/{rel}","templated":true}]}}