{"id":92333,"date":"2019-09-05T15:19:57","date_gmt":"2019-09-05T13:19:57","guid":{"rendered":"http:\/\/polishscience.pl\/?p=92333"},"modified":"2019-09-05T16:17:25","modified_gmt":"2019-09-05T14:17:25","slug":"uniwersytet-medyczny-we-wroclawiu-patronem-klasy-w-vii-liceum-ogolnoksztalcacym","status":"publish","type":"post","link":"https:\/\/www.polishscience.pl\/pl\/uniwersytet-medyczny-we-wroclawiu-patronem-klasy-w-vii-liceum-ogolnoksztalcacym\/","title":{"rendered":"Uniwersytet Medyczny we Wroc\u0142awiu patronem klasy w VII Liceum Og\u00f3lnokszta\u0142c\u0105cym"},"content":{"rendered":"<p><strong>Uniwersytet Medyczny we Wroc\u0142awiu obj\u0105\u0142 patronatem jedn\u0105 z klas Liceum Og\u00f3lnokszta\u0142c\u0105cego nr VII im. Krzysztofa Kamila Baczy\u0144skiego we Wroc\u0142awiu. Klasa pierwsza poszerza\u0107 b\u0119dzie w spos\u00f3b praktyczny swoj\u0105 wiedz\u0119 podczas zaj\u0119\u0107 na uczelni \u2013 informuje Uniwersytet Medyczny.<\/strong><\/p>\n<p>Dokument podpisali prorektor ds. dydaktyki Uniwersytetu Medycznego prof. Piotr Dzi\u0119giel i dyrektor szko\u0142y, Leszek Duszy\u0144ski. Porozumienie zak\u0142ada comiesi\u0119czne \u0107wiczenia i wyk\u0142ady prowadzone przez nauczycieli akademickich, powi\u0105zane tematycznie z przerabianym przez uczni\u00f3w materia\u0142em z biologii.<\/p>\n<p>O utworzeniu klasy patronackiej oficjalnie poinformowano podczas uroczysto\u015bci rozpocz\u0119cia roku szkolnego. Dyrektor Duszy\u0144ski podkre\u015bla\u0142, \u017ce od wielu lat na Uniwersytet Medyczny trafiaj\u0105 liczni wybitni absolwenci tego liceum. Wyrazi\u0142 rado\u015b\u0107, \u017ce wsp\u00f3\u0142praca mi\u0119dzy szko\u0142\u0105 i uniwersytetem zosta\u0142a formalnie potwierdzona. Przemawiaj\u0105c do uczni\u00f3w powiedzia\u0142, \u017ce ich zadaniem nie jest tylko zdobywanie wiedzy, ale i pomna\u017canie dobra.<\/p>\n<p>&nbsp;<\/p>\n<p>jsz<\/p>\n","protected":false},"excerpt":{"rendered":"<p>Uniwersytet Medyczny we Wroc\u0142awiu obj\u0105\u0142 patronatem jedn\u0105 z klas Liceum Og\u00f3lnokszta\u0142c\u0105cego nr VII im. Krzysztofa Kamila Baczy\u0144skiego we Wroc\u0142awiu. Klasa pierwsza poszerza\u0107 b\u0119dzie w spos\u00f3b praktyczny swoj\u0105 wiedz\u0119 podczas zaj\u0119\u0107 na uczelni \u2013 informuje Uniwersytet Medyczny. Dokument podpisali prorektor ds. dydaktyki Uniwersytetu Medycznego prof. Piotr Dzi\u0119giel i dyrektor szko\u0142y, Leszek Duszy\u0144ski. Porozumienie zak\u0142ada comiesi\u0119czne \u0107wiczenia [&hellip;]<\/p>\n","protected":false},"author":6,"featured_media":0,"comment_status":"closed","ping_status":"closed","sticky":false,"template":"","format":"standard","meta":[],"categories":[21],"tags":[],"_links":{"self":[{"href":"https:\/\/www.polishscience.pl\/pl\/wp-json\/wp\/v2\/posts\/92333"}],"collection":[{"href":"https:\/\/www.polishscience.pl\/pl\/wp-json\/wp\/v2\/posts"}],"about":[{"href":"https:\/\/www.polishscience.pl\/pl\/wp-json\/wp\/v2\/types\/post"}],"author":[{"embeddable":true,"href":"https:\/\/www.polishscience.pl\/pl\/wp-json\/wp\/v2\/users\/6"}],"replies":[{"embeddable":true,"href":"https:\/\/www.polishscience.pl\/pl\/wp-json\/wp\/v2\/comments?post=92333"}],"version-history":[{"count":0,"href":"https:\/\/www.polishscience.pl\/pl\/wp-json\/wp\/v2\/posts\/92333\/revisions"}],"wp:attachment":[{"href":"https:\/\/www.polishscience.pl\/pl\/wp-json\/wp\/v2\/media?parent=92333"}],"wp:term":[{"taxonomy":"category","embeddable":true,"href":"https:\/\/www.polishscience.pl\/pl\/wp-json\/wp\/v2\/categories?post=92333"},{"taxonomy":"post_tag","embeddable":true,"href":"https:\/\/www.polishscience.pl\/pl\/wp-json\/wp\/v2\/tags?post=92333"}],"curies":[{"name":"wp","href":"https:\/\/api.w.org\/{rel}","templated":true}]}}