{"id":80336,"date":"2019-06-12T10:14:16","date_gmt":"2019-06-12T08:14:16","guid":{"rendered":"http:\/\/polishscience.pl\/?p=80336"},"modified":"2019-06-12T10:14:16","modified_gmt":"2019-06-12T08:14:16","slug":"w-lublinie-konferencja-innowacje-w-swiecie-marketingu-i-zarzadzania-zasobami-ludzkimi","status":"publish","type":"post","link":"https:\/\/www.polishscience.pl\/pl\/w-lublinie-konferencja-innowacje-w-swiecie-marketingu-i-zarzadzania-zasobami-ludzkimi\/","title":{"rendered":"W Lublinie konferencja &#8222;Innowacje w \u015bwiecie marketingu i zarz\u0105dzania zasobami ludzkimi&#8221;"},"content":{"rendered":"<p style=\"margin: 0cm 0cm 8.0pt 0cm;\"><b><span style=\"color: black;\">Ko\u0142o Naukowe Zarz\u0105dzania i Marketingu Uniwersytetu Marii Curie \u2013 Sk\u0142odowskiej (UMCS) w Lublinie organizuje w dniu 14 czerwca 2019 roku konferencj\u0119 &#8222;Innowacje w \u015bwiecie marketingu i zarz\u0105dzania zasobami ludzkimi&#8221;, kt\u00f3ra odb\u0119dzie si\u0119 na Wydziale Ekonomicznym UMCS.<\/span><\/b><\/p>\n<p style=\"margin: 0cm 0cm 8.0pt 0cm;\"><span style=\"color: black;\">Jest to pierwsza edycja og\u00f3lnopolskiej konferencji, przeznaczonej dla os\u00f3b interesuj\u0105cych si\u0119 zmianami, nowo\u015bciami, obecnymi oraz przysz\u0142ymi trendami w marketingu i zarz\u0105dzaniu zasobami ludzkimi. Organizatorzy kieruj\u0105 j\u0105 g\u0142\u00f3wnie do student\u00f3w oraz doktorant\u00f3w. <\/span><\/p>\n<p style=\"margin: 0cm 0cm 8.0pt 0cm;\"><span style=\"color: black;\">Celem konferencji jest wymiana do\u015bwiadcze\u0144, pogl\u0105d\u00f3w i spostrze\u017ce\u0144 na temat rozwoju w dziedzinach marketingu i zarz\u0105dzaniu zasobami ludzkimi.\u00a0<\/span><\/p>\n<p style=\"margin: 0cm 0cm 8.0pt 0cm;\"><span style=\"color: black;\">jp<\/span><\/p>\n","protected":false},"excerpt":{"rendered":"<p>Ko\u0142o Naukowe Zarz\u0105dzania i Marketingu Uniwersytetu Marii Curie \u2013 Sk\u0142odowskiej (UMCS) w Lublinie organizuje w dniu 14 czerwca 2019 roku konferencj\u0119 &#8222;Innowacje w \u015bwiecie marketingu i zarz\u0105dzania zasobami ludzkimi&#8221;, kt\u00f3ra odb\u0119dzie si\u0119 na Wydziale Ekonomicznym UMCS. Jest to pierwsza edycja og\u00f3lnopolskiej konferencji, przeznaczonej dla os\u00f3b interesuj\u0105cych si\u0119 zmianami, nowo\u015bciami, obecnymi oraz przysz\u0142ymi trendami w marketingu [&hellip;]<\/p>\n","protected":false},"author":6,"featured_media":0,"comment_status":"closed","ping_status":"closed","sticky":false,"template":"","format":"standard","meta":[],"categories":[17,22],"tags":[],"_links":{"self":[{"href":"https:\/\/www.polishscience.pl\/pl\/wp-json\/wp\/v2\/posts\/80336"}],"collection":[{"href":"https:\/\/www.polishscience.pl\/pl\/wp-json\/wp\/v2\/posts"}],"about":[{"href":"https:\/\/www.polishscience.pl\/pl\/wp-json\/wp\/v2\/types\/post"}],"author":[{"embeddable":true,"href":"https:\/\/www.polishscience.pl\/pl\/wp-json\/wp\/v2\/users\/6"}],"replies":[{"embeddable":true,"href":"https:\/\/www.polishscience.pl\/pl\/wp-json\/wp\/v2\/comments?post=80336"}],"version-history":[{"count":0,"href":"https:\/\/www.polishscience.pl\/pl\/wp-json\/wp\/v2\/posts\/80336\/revisions"}],"wp:attachment":[{"href":"https:\/\/www.polishscience.pl\/pl\/wp-json\/wp\/v2\/media?parent=80336"}],"wp:term":[{"taxonomy":"category","embeddable":true,"href":"https:\/\/www.polishscience.pl\/pl\/wp-json\/wp\/v2\/categories?post=80336"},{"taxonomy":"post_tag","embeddable":true,"href":"https:\/\/www.polishscience.pl\/pl\/wp-json\/wp\/v2\/tags?post=80336"}],"curies":[{"name":"wp","href":"https:\/\/api.w.org\/{rel}","templated":true}]}}