{"id":79403,"date":"2019-06-06T15:13:14","date_gmt":"2019-06-06T13:13:14","guid":{"rendered":"http:\/\/polishscience.pl\/?p=79403"},"modified":"2019-06-06T16:21:20","modified_gmt":"2019-06-06T14:21:20","slug":"umowa-o-wspolpracy-uniwersytetu-szczecinskiego-i-zakladu-ubezpieczen-spolecznych","status":"publish","type":"post","link":"https:\/\/www.polishscience.pl\/pl\/umowa-o-wspolpracy-uniwersytetu-szczecinskiego-i-zakladu-ubezpieczen-spolecznych\/","title":{"rendered":"Umowa o wsp\u00f3\u0142pracy Uniwersytetu Szczeci\u0144skiego i Zak\u0142adu Ubezpiecze\u0144 Spo\u0142ecznych"},"content":{"rendered":"<p><strong>Uniwersytet Szczeci\u0144ski sformalizowa\u0142 dalsz\u0105 wsp\u00f3\u0142prac\u0119 ze szczeci\u0144skim oddzia\u0142em Zak\u0142adu Ubezpiecze\u0144 Spo\u0142ecznych. Porozumienie dotyczy partnerstwa w zakresie dzia\u0142alno\u015bci naukowej i badawczej, prowadzenia wsp\u00f3lnych projekt\u00f3w oraz dzia\u0142alno\u015bci dydaktycznej i naukowej \u2013 informuje uczelnia w komunikacie.<\/strong><\/p>\n<p>Celem zawartej na pi\u0119\u0107 lat umowy jest budowanie \u015bwiadomo\u015bci obywatelskiej w dziedzinie ubezpiecze\u0144 spo\u0142ecznych, propagowanie idei solidaryzmu spo\u0142ecznego na p\u0142aszczy\u017anie wsp\u00f3\u0142odpowiedzialno\u015bci, szczerzenie wiedzy na temat ubezpiecze\u0144 spo\u0142ecznych, a tak\u017ce wsp\u00f3lna organizacja konferencji i seminari\u00f3w oraz wsp\u00f3\u0142praca przy wydawaniu publikacji naukowych.<\/p>\n<p>Sygnatariusze porozumienia podkre\u015blaj\u0105, \u017ce wsp\u00f3\u0142praca na styku nauki i praktyki ubezpieczeniowej daje pewno\u015b\u0107 na skuteczne po\u0142\u0105czenie wiedzy i do\u015bwiadczenia w jej stosowaniu oraz pozwala na organizacj\u0119 spo\u0142ecznie warto\u015bciowych przedsi\u0119wzi\u0119\u0107.<\/p>\n<p>&nbsp;<\/p>\n<p>jsz<\/p>\n","protected":false},"excerpt":{"rendered":"<p>Uniwersytet Szczeci\u0144ski sformalizowa\u0142 dalsz\u0105 wsp\u00f3\u0142prac\u0119 ze szczeci\u0144skim oddzia\u0142em Zak\u0142adu Ubezpiecze\u0144 Spo\u0142ecznych. Porozumienie dotyczy partnerstwa w zakresie dzia\u0142alno\u015bci naukowej i badawczej, prowadzenia wsp\u00f3lnych projekt\u00f3w oraz dzia\u0142alno\u015bci dydaktycznej i naukowej \u2013 informuje uczelnia w komunikacie. Celem zawartej na pi\u0119\u0107 lat umowy jest budowanie \u015bwiadomo\u015bci obywatelskiej w dziedzinie ubezpiecze\u0144 spo\u0142ecznych, propagowanie idei solidaryzmu spo\u0142ecznego na p\u0142aszczy\u017anie wsp\u00f3\u0142odpowiedzialno\u015bci, szczerzenie [&hellip;]<\/p>\n","protected":false},"author":6,"featured_media":0,"comment_status":"closed","ping_status":"closed","sticky":false,"template":"","format":"standard","meta":[],"categories":[21],"tags":[],"_links":{"self":[{"href":"https:\/\/www.polishscience.pl\/pl\/wp-json\/wp\/v2\/posts\/79403"}],"collection":[{"href":"https:\/\/www.polishscience.pl\/pl\/wp-json\/wp\/v2\/posts"}],"about":[{"href":"https:\/\/www.polishscience.pl\/pl\/wp-json\/wp\/v2\/types\/post"}],"author":[{"embeddable":true,"href":"https:\/\/www.polishscience.pl\/pl\/wp-json\/wp\/v2\/users\/6"}],"replies":[{"embeddable":true,"href":"https:\/\/www.polishscience.pl\/pl\/wp-json\/wp\/v2\/comments?post=79403"}],"version-history":[{"count":0,"href":"https:\/\/www.polishscience.pl\/pl\/wp-json\/wp\/v2\/posts\/79403\/revisions"}],"wp:attachment":[{"href":"https:\/\/www.polishscience.pl\/pl\/wp-json\/wp\/v2\/media?parent=79403"}],"wp:term":[{"taxonomy":"category","embeddable":true,"href":"https:\/\/www.polishscience.pl\/pl\/wp-json\/wp\/v2\/categories?post=79403"},{"taxonomy":"post_tag","embeddable":true,"href":"https:\/\/www.polishscience.pl\/pl\/wp-json\/wp\/v2\/tags?post=79403"}],"curies":[{"name":"wp","href":"https:\/\/api.w.org\/{rel}","templated":true}]}}