{"id":79402,"date":"2019-06-06T14:13:14","date_gmt":"2019-06-06T12:13:14","guid":{"rendered":"http:\/\/polishscience.pl\/?p=79402"},"modified":"2019-06-06T16:21:18","modified_gmt":"2019-06-06T14:21:18","slug":"wydawnictwo-uniwersytetu-gdanskiego-wyroznione-na-targach-ksiazki-akademickiej-i-naukowej-academia","status":"publish","type":"post","link":"https:\/\/www.polishscience.pl\/pl\/wydawnictwo-uniwersytetu-gdanskiego-wyroznione-na-targach-ksiazki-akademickiej-i-naukowej-academia\/","title":{"rendered":"Wydawnictwo Uniwersytetu Gda\u0144skiego wyr\u00f3\u017cnione na Targach Ksi\u0105\u017cki Akademickiej i Naukowej ACADEMIA"},"content":{"rendered":"<p><strong>Wydawnictwo Uniwersytetu Gda\u0144skiego zosta\u0142o nagrodzone w presti\u017cowym konkursie ACADEMIA 2019. Wyr\u00f3\u017cnienia otrzyma\u0142y ksi\u0105\u017cki \u201eDialogi dzie\u0142 dawnych. Studia o intertekstualno\u015bci literatury staropolskiej\u201d autorstwa Rados\u0142awa Grze\u015bkowiaka oraz \u201eEstetyka prawa\u201d autorstwa Kamila Zeidlera.<\/strong><\/p>\n<p>Targi Ksi\u0105\u017cki Akademickiej i Naukowej ACADEMIA odbywaj\u0105 si\u0119 w czasie Warszawskich Targ\u00f3w Ksi\u0105\u017cki. Tegoroczna edycja konkursu by\u0142a wyj\u0105tkowa \u2013 51. wydawc\u00f3w zg\u0142osi\u0142o ponad 138 ksi\u0105\u017cek. Do konkursu wp\u0142yn\u0119\u0142o du\u017co niezwykle warto\u015bciowych publikacji \u2013 czytamy w serwisie gda\u0144skiej uczelni.<\/p>\n<p>\u201eDialogi dzie\u0142 dawnych. Studia o intertekstualno\u015bci literatury staropolskiej\u201d zosta\u0142y nagrodzone za opracowanie edytorskie, a \u201eEstetyka prawa\u201d otrzyma\u0142a wyr\u00f3\u017cnienie Rektora Uniwersytetu Warszawskiego dla publikacji akademickiej w dziedzinie nauk spo\u0142ecznych i humanistycznych.<\/p>\n<p>&nbsp;<\/p>\n<p>jsz<\/p>\n","protected":false},"excerpt":{"rendered":"<p>Wydawnictwo Uniwersytetu Gda\u0144skiego zosta\u0142o nagrodzone w presti\u017cowym konkursie ACADEMIA 2019. Wyr\u00f3\u017cnienia otrzyma\u0142y ksi\u0105\u017cki \u201eDialogi dzie\u0142 dawnych. Studia o intertekstualno\u015bci literatury staropolskiej\u201d autorstwa Rados\u0142awa Grze\u015bkowiaka oraz \u201eEstetyka prawa\u201d autorstwa Kamila Zeidlera. Targi Ksi\u0105\u017cki Akademickiej i Naukowej ACADEMIA odbywaj\u0105 si\u0119 w czasie Warszawskich Targ\u00f3w Ksi\u0105\u017cki. Tegoroczna edycja konkursu by\u0142a wyj\u0105tkowa \u2013 51. wydawc\u00f3w zg\u0142osi\u0142o ponad 138 ksi\u0105\u017cek. [&hellip;]<\/p>\n","protected":false},"author":6,"featured_media":0,"comment_status":"closed","ping_status":"closed","sticky":false,"template":"","format":"standard","meta":[],"categories":[21],"tags":[],"_links":{"self":[{"href":"https:\/\/www.polishscience.pl\/pl\/wp-json\/wp\/v2\/posts\/79402"}],"collection":[{"href":"https:\/\/www.polishscience.pl\/pl\/wp-json\/wp\/v2\/posts"}],"about":[{"href":"https:\/\/www.polishscience.pl\/pl\/wp-json\/wp\/v2\/types\/post"}],"author":[{"embeddable":true,"href":"https:\/\/www.polishscience.pl\/pl\/wp-json\/wp\/v2\/users\/6"}],"replies":[{"embeddable":true,"href":"https:\/\/www.polishscience.pl\/pl\/wp-json\/wp\/v2\/comments?post=79402"}],"version-history":[{"count":0,"href":"https:\/\/www.polishscience.pl\/pl\/wp-json\/wp\/v2\/posts\/79402\/revisions"}],"wp:attachment":[{"href":"https:\/\/www.polishscience.pl\/pl\/wp-json\/wp\/v2\/media?parent=79402"}],"wp:term":[{"taxonomy":"category","embeddable":true,"href":"https:\/\/www.polishscience.pl\/pl\/wp-json\/wp\/v2\/categories?post=79402"},{"taxonomy":"post_tag","embeddable":true,"href":"https:\/\/www.polishscience.pl\/pl\/wp-json\/wp\/v2\/tags?post=79402"}],"curies":[{"name":"wp","href":"https:\/\/api.w.org\/{rel}","templated":true}]}}