{"id":280505,"date":"2023-05-02T08:10:18","date_gmt":"2023-05-02T06:10:18","guid":{"rendered":"https:\/\/polishscience.pl\/?p=280505"},"modified":"2023-05-02T08:10:18","modified_gmt":"2023-05-02T06:10:18","slug":"copernicus-festival-2023-kosmos","status":"publish","type":"post","link":"https:\/\/www.polishscience.pl\/pl\/copernicus-festival-2023-kosmos\/","title":{"rendered":"Copernicus Festival 2023 \u2013 Kosmos"},"content":{"rendered":"<p><b>Od 23 do 28 maja 2023 r. w krakowskim Muzeum In\u017cynierii i Techniki odb\u0119dzie si\u0119 Copernicus Festival 2023 \u2013 Kosmos, kt\u00f3ry przybli\u017cy uczestnikom zagadnienia z dziedziny m.in. kosmologii, psychologii czy astrobiologii.\u00a0<\/b><\/p>\n<p><span style=\"font-weight: 400;\">Festiwal naukowo-kulturalny Copernicus wsp\u00f3\u0142organizuj\u0105 Centrum Kopernika Bada\u0144 Interdyscyplinarnych Uniwersytetu Jagiello\u0144skiego, Fundacja Centrum Kopernika, Fundacja Tygodnika Powszechnego oraz wydawca \u201eTygodnika Powszechnego\u201d. Cele festiwalu to popularyzacja nauki i filozofii, wyja\u015bnianie ich wp\u0142ywu na \u017cycie spo\u0142eczne oraz pokazywanie r\u00f3\u017cnorodnych relacji mi\u0119dzy nimi a innymi dziedzinami kultury, w tym literatur\u0105 i sztuk\u0105.\u00a0<\/span><\/p>\n<p><span style=\"font-weight: 400;\">Jak podkre\u015blaj\u0105 organizatorzy, kolejne rewolucje naukowe, od tej wywo\u0142anej przez Miko\u0142aja Kopernika, a\u017c po powstanie XX-wiecznej teorii wzgl\u0119dno\u015bci i opartej na niej kosmologii, spycha\u0142y cz\u0142owieka z centrum kosmosu na jego peryferia. Z kosmicznej perspektywy Ziemia to tylko jedna spo\u015br\u00f3d zapewne miliard\u00f3w planet, kr\u0105\u017c\u0105cych wok\u00f3\u0142 miliard\u00f3w gwiazd, w jednej z miliard\u00f3w galaktyk. \u00a0<\/span><\/p>\n<p><span style=\"font-weight: 400;\">Wi\u0119cej: <\/span><span style=\"font-weight: 400;\"><br \/>\n<\/span><a href=\"https:\/\/copernicusfestival.com\/program-festiwalu\/\"><span style=\"font-weight: 400;\">https:\/\/copernicusfestival.com\/program-festiwalu\/<\/span><\/a><\/p>\n<p><span style=\"font-weight: 400;\">jp<\/span><\/p>\n","protected":false},"excerpt":{"rendered":"<p>Od 23 do 28 maja 2023 r. w krakowskim Muzeum In\u017cynierii i Techniki odb\u0119dzie si\u0119 Copernicus Festival 2023 \u2013 Kosmos, kt\u00f3ry przybli\u017cy uczestnikom zagadnienia z dziedziny m.in. kosmologii, psychologii czy astrobiologii.\u00a0 Festiwal naukowo-kulturalny Copernicus wsp\u00f3\u0142organizuj\u0105 Centrum Kopernika Bada\u0144 Interdyscyplinarnych Uniwersytetu Jagiello\u0144skiego, Fundacja Centrum Kopernika, Fundacja Tygodnika Powszechnego oraz wydawca \u201eTygodnika Powszechnego\u201d. Cele festiwalu to popularyzacja [&hellip;]<\/p>\n","protected":false},"author":6,"featured_media":280542,"comment_status":"closed","ping_status":"closed","sticky":false,"template":"","format":"standard","meta":[],"categories":[22],"tags":[],"_links":{"self":[{"href":"https:\/\/www.polishscience.pl\/pl\/wp-json\/wp\/v2\/posts\/280505"}],"collection":[{"href":"https:\/\/www.polishscience.pl\/pl\/wp-json\/wp\/v2\/posts"}],"about":[{"href":"https:\/\/www.polishscience.pl\/pl\/wp-json\/wp\/v2\/types\/post"}],"author":[{"embeddable":true,"href":"https:\/\/www.polishscience.pl\/pl\/wp-json\/wp\/v2\/users\/6"}],"replies":[{"embeddable":true,"href":"https:\/\/www.polishscience.pl\/pl\/wp-json\/wp\/v2\/comments?post=280505"}],"version-history":[{"count":1,"href":"https:\/\/www.polishscience.pl\/pl\/wp-json\/wp\/v2\/posts\/280505\/revisions"}],"predecessor-version":[{"id":280551,"href":"https:\/\/www.polishscience.pl\/pl\/wp-json\/wp\/v2\/posts\/280505\/revisions\/280551"}],"wp:featuredmedia":[{"embeddable":true,"href":"https:\/\/www.polishscience.pl\/pl\/wp-json\/wp\/v2\/media\/280542"}],"wp:attachment":[{"href":"https:\/\/www.polishscience.pl\/pl\/wp-json\/wp\/v2\/media?parent=280505"}],"wp:term":[{"taxonomy":"category","embeddable":true,"href":"https:\/\/www.polishscience.pl\/pl\/wp-json\/wp\/v2\/categories?post=280505"},{"taxonomy":"post_tag","embeddable":true,"href":"https:\/\/www.polishscience.pl\/pl\/wp-json\/wp\/v2\/tags?post=280505"}],"curies":[{"name":"wp","href":"https:\/\/api.w.org\/{rel}","templated":true}]}}