{"id":268084,"date":"2023-02-20T20:03:31","date_gmt":"2023-02-20T19:03:31","guid":{"rendered":"https:\/\/polishscience.pl\/?p=268084"},"modified":"2023-02-20T20:03:31","modified_gmt":"2023-02-20T19:03:31","slug":"swiatowy-kongres-kopernikanski-debata-siedmiu-prezesow-europejskich-bankow-centralnych","status":"publish","type":"post","link":"https:\/\/www.polishscience.pl\/pl\/swiatowy-kongres-kopernikanski-debata-siedmiu-prezesow-europejskich-bankow-centralnych\/","title":{"rendered":"\u015awiatowy Kongres Kopernika\u0144ski \u2013 debata siedmiu prezes\u00f3w europejskich bank\u00f3w centralnych"},"content":{"rendered":"<p><strong>Debata prezes\u00f3w europejskich bank\u00f3w centralnych to ostatni punkt drugiego dnia \u015awiatowego Kongresu Kopernika\u0144skiego w Toruniu. Rozpoczynaj\u0105c debat\u0119 prezes Narodowego Banku Polskiego (NBP) Adam Glapi\u0144ski m\u00f3wi\u0142 o znaczeniu Kongresu i Akademii Kopernika\u0144skiej.<\/strong><\/p>\n<p><span style=\"font-weight: 400;\">&#8211; Jest mi niezwykle mi\u0142o wyst\u0105pi\u0107 w takich okoliczno\u015bciach i w takim momencie. Czuj\u0119 si\u0119 naprawd\u0119 wzruszony \u2013 powiedzia\u0142 prezes NBP, zdaniem kt\u00f3rego \u015awiatowy Kongres Kopernika\u0144ski to wyj\u0105tkowe wydarzenie, kt\u00f3re przejdzie do historii, a powo\u0142ana podczas kongresu Akademia Kopernika\u0144ska to pierwszy uniwersytet jaki powsta\u0142 w wolnej Polsce.<\/span><\/p>\n<p><span style=\"font-weight: 400;\">&#8211; Pot\u0119\u017cna wielka instytucja. Osoby kt\u00f3re przyczyni\u0142y si\u0119 do powstania tej instytucji przejd\u0105 na zawsze do historii. W szczeg\u00f3lno\u015bci pan minister Czarnek i pan prezydent Duda. To s\u0105 wa\u017cne chwile tak\u017ce dla ekonomii i nauk o zarz\u0105dzaniu \u2013 m\u00f3wi\u0142 Adam Glapi\u0144ski<\/span><\/p>\n<p><span style=\"font-weight: 400;\">Prezes m\u00f3wi\u0142 te\u017c o wsp\u00f3\u0142pracy Akademii i banku centralnego, co ma przyczyni\u0107 si\u0119 do tego, by tworzy\u0142a si\u0119 prawdziwie nowoczesna, \u015bwiatowa elita w dobrym znaczeniu tego s\u0142owa. &#8211; Elita je\u015bli chodzi o poziom nauczania, poziom wiedzy i publikacji \u2013 zaznaczy\u0142 Adam Glapi\u0144ski.\u00a0<\/span><\/p>\n<p><span style=\"font-weight: 400;\">O sytuacji bank\u00f3w centralnych w czasach pandemii i wzrostu cen surowc\u00f3w energetycznych w toru\u0144skim Dworze Artusa rozmawiali &#8211; opr\u00f3cz prezesa NBP &#8211; Martin Schlegel wiceprezes zarz\u0105du Szwajcarskiego Banku Narodowego, Sandra \u0160valjek zast\u0119pca prezesa Narodowego Banku Chorwacji, Sergiy Nikolaychuk wiceprezes Narodowego Banku Ukrainy, Simonas Kr\u0117p\u0161ta z zarz\u0105du Banku Litewskiego, Iliya Lingorski z zarz\u0105du Bu\u0142garskiego Banku Narodowego i Cristian Popa z zarz\u0105du Narodowego Banku Rumunii.<\/span><\/p>\n","protected":false},"excerpt":{"rendered":"<p>Debata prezes\u00f3w europejskich bank\u00f3w centralnych to ostatni punkt drugiego dnia \u015awiatowego Kongresu Kopernika\u0144skiego w Toruniu. Rozpoczynaj\u0105c debat\u0119 prezes Narodowego Banku Polskiego (NBP) Adam Glapi\u0144ski m\u00f3wi\u0142 o znaczeniu Kongresu i Akademii Kopernika\u0144skiej. &#8211; Jest mi niezwykle mi\u0142o wyst\u0105pi\u0107 w takich okoliczno\u015bciach i w takim momencie. Czuj\u0119 si\u0119 naprawd\u0119 wzruszony \u2013 powiedzia\u0142 prezes NBP, zdaniem kt\u00f3rego \u015awiatowy [&hellip;]<\/p>\n","protected":false},"author":6,"featured_media":268085,"comment_status":"closed","ping_status":"closed","sticky":false,"template":"","format":"standard","meta":[],"categories":[22],"tags":[],"_links":{"self":[{"href":"https:\/\/www.polishscience.pl\/pl\/wp-json\/wp\/v2\/posts\/268084"}],"collection":[{"href":"https:\/\/www.polishscience.pl\/pl\/wp-json\/wp\/v2\/posts"}],"about":[{"href":"https:\/\/www.polishscience.pl\/pl\/wp-json\/wp\/v2\/types\/post"}],"author":[{"embeddable":true,"href":"https:\/\/www.polishscience.pl\/pl\/wp-json\/wp\/v2\/users\/6"}],"replies":[{"embeddable":true,"href":"https:\/\/www.polishscience.pl\/pl\/wp-json\/wp\/v2\/comments?post=268084"}],"version-history":[{"count":1,"href":"https:\/\/www.polishscience.pl\/pl\/wp-json\/wp\/v2\/posts\/268084\/revisions"}],"predecessor-version":[{"id":268094,"href":"https:\/\/www.polishscience.pl\/pl\/wp-json\/wp\/v2\/posts\/268084\/revisions\/268094"}],"wp:featuredmedia":[{"embeddable":true,"href":"https:\/\/www.polishscience.pl\/pl\/wp-json\/wp\/v2\/media\/268085"}],"wp:attachment":[{"href":"https:\/\/www.polishscience.pl\/pl\/wp-json\/wp\/v2\/media?parent=268084"}],"wp:term":[{"taxonomy":"category","embeddable":true,"href":"https:\/\/www.polishscience.pl\/pl\/wp-json\/wp\/v2\/categories?post=268084"},{"taxonomy":"post_tag","embeddable":true,"href":"https:\/\/www.polishscience.pl\/pl\/wp-json\/wp\/v2\/tags?post=268084"}],"curies":[{"name":"wp","href":"https:\/\/api.w.org\/{rel}","templated":true}]}}