{"id":266613,"date":"2023-02-15T09:58:02","date_gmt":"2023-02-15T08:58:02","guid":{"rendered":"https:\/\/polishscience.pl\/?p=266613"},"modified":"2023-02-15T09:58:02","modified_gmt":"2023-02-15T08:58:02","slug":"inauguracja-roku-kopernika-na-uniwersytecie-wroclawskim","status":"publish","type":"post","link":"https:\/\/www.polishscience.pl\/pl\/inauguracja-roku-kopernika-na-uniwersytecie-wroclawskim\/","title":{"rendered":"Inauguracja Roku Kopernika na Uniwersytecie Wroc\u0142awskim"},"content":{"rendered":"<p><b>W Bibliotece Uniwersyteckiej Uniwersytetu Wroc\u0142awskiego kilkuset uczni\u00f3w ostatnich klas szko\u0142y podstawowej i licealist\u00f3w \u015bwi\u0119towa\u0142o 550. urodziny Miko\u0142aja Kopernika. Uczniowie mogli zobaczy\u0107 pierwsze wydanie dzie\u0142a, kt\u00f3re zmieni\u0142o \u015bwiat \u2013 \u201eO obrotach sfer niebieskich\u201d, a tak\u017ce innych dzie\u0142 pionier\u00f3w astronomii: Ptolemeusza, Tychona de Brache, Jana Keplera, Jana Heweliusza i Galileusza \u2013 informuje uczelnia.<\/b><\/p>\n<p><span style=\"font-weight: 400;\">Uczniowie uczestniczyli tak\u017ce w wyk\u0142adzie dr. Paw\u0142a Presia z Wydzia\u0142u Fizyki i Astronomii Uniwersytetu Wroc\u0142awskiego pt. \u201e550 lat astronomii \u2013 od Miko\u0142aja Kopernika do teleskopu kosmicznego Jamesa Webba\u201d.<\/span><\/p>\n<p><span style=\"font-weight: 400;\">Dzie\u0144 z Kopernikiem jest pierwszym z serii wydarze\u0144, kt\u00f3re Biblioteka Uniwersytecka przygotowuje we wsp\u00f3\u0142pracy z Wydzia\u0142em Fizyki i Astronomii a tak\u017ce z Zak\u0142adem Narodowym im. Ossoli\u0144skich we Wroc\u0142awiu.<\/span><\/p>\n<p><span style=\"font-weight: 400;\">\u2013 W ci\u0105gu najbli\u017cszych miesi\u0119cy b\u0119dziemy organizowa\u0107 ca\u0142y szereg wydarze\u0144, wystaw, oprowadza\u0144 kuratorskich po naszych zbiorach \u2013 zapowiada dyrektor biblioteki Gra\u017cyna Piotrowicz.<\/span><\/p>\n<p><span style=\"font-weight: 400;\">Wi\u0119cej: <\/span><a href=\"https:\/\/uwr.edu.pl\/inaugurujemy-rok-kopernika-na-uniwersytecie-wroclawskim\/\"><span style=\"font-weight: 400;\">https:\/\/uwr.edu.pl\/inaugurujemy-rok-kopernika-na-uniwersytecie-wroclawskim\/<\/span><\/a><\/p>\n<p>&nbsp;<\/p>\n<p><span style=\"font-weight: 400;\">jsz<\/span><\/p>\n","protected":false},"excerpt":{"rendered":"<p>W Bibliotece Uniwersyteckiej Uniwersytetu Wroc\u0142awskiego kilkuset uczni\u00f3w ostatnich klas szko\u0142y podstawowej i licealist\u00f3w \u015bwi\u0119towa\u0142o 550. urodziny Miko\u0142aja Kopernika. Uczniowie mogli zobaczy\u0107 pierwsze wydanie dzie\u0142a, kt\u00f3re zmieni\u0142o \u015bwiat \u2013 \u201eO obrotach sfer niebieskich\u201d, a tak\u017ce innych dzie\u0142 pionier\u00f3w astronomii: Ptolemeusza, Tychona de Brache, Jana Keplera, Jana Heweliusza i Galileusza \u2013 informuje uczelnia. Uczniowie uczestniczyli tak\u017ce w [&hellip;]<\/p>\n","protected":false},"author":6,"featured_media":266696,"comment_status":"closed","ping_status":"closed","sticky":false,"template":"","format":"standard","meta":[],"categories":[22],"tags":[],"_links":{"self":[{"href":"https:\/\/www.polishscience.pl\/pl\/wp-json\/wp\/v2\/posts\/266613"}],"collection":[{"href":"https:\/\/www.polishscience.pl\/pl\/wp-json\/wp\/v2\/posts"}],"about":[{"href":"https:\/\/www.polishscience.pl\/pl\/wp-json\/wp\/v2\/types\/post"}],"author":[{"embeddable":true,"href":"https:\/\/www.polishscience.pl\/pl\/wp-json\/wp\/v2\/users\/6"}],"replies":[{"embeddable":true,"href":"https:\/\/www.polishscience.pl\/pl\/wp-json\/wp\/v2\/comments?post=266613"}],"version-history":[{"count":1,"href":"https:\/\/www.polishscience.pl\/pl\/wp-json\/wp\/v2\/posts\/266613\/revisions"}],"predecessor-version":[{"id":266705,"href":"https:\/\/www.polishscience.pl\/pl\/wp-json\/wp\/v2\/posts\/266613\/revisions\/266705"}],"wp:featuredmedia":[{"embeddable":true,"href":"https:\/\/www.polishscience.pl\/pl\/wp-json\/wp\/v2\/media\/266696"}],"wp:attachment":[{"href":"https:\/\/www.polishscience.pl\/pl\/wp-json\/wp\/v2\/media?parent=266613"}],"wp:term":[{"taxonomy":"category","embeddable":true,"href":"https:\/\/www.polishscience.pl\/pl\/wp-json\/wp\/v2\/categories?post=266613"},{"taxonomy":"post_tag","embeddable":true,"href":"https:\/\/www.polishscience.pl\/pl\/wp-json\/wp\/v2\/tags?post=266613"}],"curies":[{"name":"wp","href":"https:\/\/api.w.org\/{rel}","templated":true}]}}