{"id":266607,"date":"2023-02-15T09:54:38","date_gmt":"2023-02-15T08:54:38","guid":{"rendered":"https:\/\/polishscience.pl\/?p=266607"},"modified":"2023-02-15T09:54:38","modified_gmt":"2023-02-15T08:54:38","slug":"standardy-ksztalcenia-sympozjum-naukowo-szkoleniowe","status":"publish","type":"post","link":"https:\/\/www.polishscience.pl\/pl\/standardy-ksztalcenia-sympozjum-naukowo-szkoleniowe\/","title":{"rendered":"Standardy kszta\u0142cenia \u2013 sympozjum naukowo-szkoleniowe"},"content":{"rendered":"<p><b>Zesp\u00f3\u0142 ds. Jako\u015bci Kszta\u0142cenia Nauczycieli przy Konferencji Rektor\u00f3w Akademickich Szk\u00f3\u0142 Polskich wraz z Konferencj\u0105 Rektor\u00f3w Uczelni Pedagogicznych zaprasza na tematyczne Sympozjum naukowo-szkoleniowe zwi\u0105zane z realizacj\u0105 standardu kszta\u0142cenia przygotowuj\u0105cego do wykonywania zawodu nauczyciela przedszkola i edukacji wczesnoszkolnej.<\/b><\/p>\n<p><span style=\"font-weight: 400;\">Sympozjum, kt\u00f3re odb\u0119dzie si\u0119 10 marca 2023 r. w Akademii Pedagogiki Specjalnej im. Marii Grzegorzewskiej w Warszawie, ma na celu wymian\u0119 do\u015bwiadcze\u0144 zwi\u0105zanych z dotychczasow\u0105 realizacj\u0105 Standardu Kszta\u0142cenia Nauczycieli, w tym kszta\u0142cenia w zakresie studi\u00f3w podyplomowych.\u00a0<\/span><\/p>\n<p><span style=\"font-weight: 400;\">Podczas Sympozjum planowana jest dyskusja na temat ewentualnych zmian w Standardzie, w tym tak\u017ce pod k\u0105tem projektu rozporz\u0105dzenia o szczeg\u00f3\u0142owych kwalifikacjach wymaganych od nauczycieli.<\/span><\/p>\n<p><span style=\"font-weight: 400;\">jp<\/span><\/p>\n","protected":false},"excerpt":{"rendered":"<p>Zesp\u00f3\u0142 ds. Jako\u015bci Kszta\u0142cenia Nauczycieli przy Konferencji Rektor\u00f3w Akademickich Szk\u00f3\u0142 Polskich wraz z Konferencj\u0105 Rektor\u00f3w Uczelni Pedagogicznych zaprasza na tematyczne Sympozjum naukowo-szkoleniowe zwi\u0105zane z realizacj\u0105 standardu kszta\u0142cenia przygotowuj\u0105cego do wykonywania zawodu nauczyciela przedszkola i edukacji wczesnoszkolnej. Sympozjum, kt\u00f3re odb\u0119dzie si\u0119 10 marca 2023 r. w Akademii Pedagogiki Specjalnej im. Marii Grzegorzewskiej w Warszawie, ma na [&hellip;]<\/p>\n","protected":false},"author":6,"featured_media":266636,"comment_status":"closed","ping_status":"closed","sticky":false,"template":"","format":"standard","meta":[],"categories":[22],"tags":[],"_links":{"self":[{"href":"https:\/\/www.polishscience.pl\/pl\/wp-json\/wp\/v2\/posts\/266607"}],"collection":[{"href":"https:\/\/www.polishscience.pl\/pl\/wp-json\/wp\/v2\/posts"}],"about":[{"href":"https:\/\/www.polishscience.pl\/pl\/wp-json\/wp\/v2\/types\/post"}],"author":[{"embeddable":true,"href":"https:\/\/www.polishscience.pl\/pl\/wp-json\/wp\/v2\/users\/6"}],"replies":[{"embeddable":true,"href":"https:\/\/www.polishscience.pl\/pl\/wp-json\/wp\/v2\/comments?post=266607"}],"version-history":[{"count":1,"href":"https:\/\/www.polishscience.pl\/pl\/wp-json\/wp\/v2\/posts\/266607\/revisions"}],"predecessor-version":[{"id":266645,"href":"https:\/\/www.polishscience.pl\/pl\/wp-json\/wp\/v2\/posts\/266607\/revisions\/266645"}],"wp:featuredmedia":[{"embeddable":true,"href":"https:\/\/www.polishscience.pl\/pl\/wp-json\/wp\/v2\/media\/266636"}],"wp:attachment":[{"href":"https:\/\/www.polishscience.pl\/pl\/wp-json\/wp\/v2\/media?parent=266607"}],"wp:term":[{"taxonomy":"category","embeddable":true,"href":"https:\/\/www.polishscience.pl\/pl\/wp-json\/wp\/v2\/categories?post=266607"},{"taxonomy":"post_tag","embeddable":true,"href":"https:\/\/www.polishscience.pl\/pl\/wp-json\/wp\/v2\/tags?post=266607"}],"curies":[{"name":"wp","href":"https:\/\/api.w.org\/{rel}","templated":true}]}}