{"id":265778,"date":"2023-02-10T09:41:49","date_gmt":"2023-02-10T08:41:49","guid":{"rendered":"https:\/\/polishscience.pl\/?p=265778"},"modified":"2023-02-10T09:41:49","modified_gmt":"2023-02-10T08:41:49","slug":"miedzynarodowa-konferencja-naukowa-urban-post-covid-recovery-experiences-challenges-and-future-pathways","status":"publish","type":"post","link":"https:\/\/www.polishscience.pl\/pl\/miedzynarodowa-konferencja-naukowa-urban-post-covid-recovery-experiences-challenges-and-future-pathways\/","title":{"rendered":"Mi\u0119dzynarodowa konferencja naukowa \u201eUrban Post-COVID Recovery \u2013 Experiences, Challenges and Future Pathways\u201d"},"content":{"rendered":"<p><b>Instytut Politologii Uniwersytetu Wroc\u0142awskiego zaprasza 26 i 27 kwietnia na mi\u0119dzynarodow\u0105 konferencj\u0119 naukow\u0105 \u201eUrban Post-COVID Recovery \u2013 Experiences, Challenges and Future Pathways\u201d. Wydarzenie zosta\u0142o obj\u0119te patronatem Sekcji Administracji i Polityk Polskiego Towarzystwa Nauk Politycznych \u2013 informuje uczelnia.<\/b><\/p>\n<p><span style=\"font-weight: 400;\">Celem konferencji jest prezentacja rezultat\u00f3w bada\u0144 naukowych oraz wymiana do\u015bwiadcze\u0144 i opinii na temat funkcjonowania jednostek samorz\u0105du terytorialnego w Europie w warunkach kryzysu pandemicznego i postpandemicznego.<\/span><\/p>\n<p><span style=\"font-weight: 400;\">Uczestnicy wydarzenia podejm\u0105 pr\u00f3b\u0119 oceny potencja\u0142u predyktywnego i responsywnego administracji samorz\u0105dowej, kt\u00f3ra realizuje zadania publiczne w turbulentnym otoczeniu nie tylko politycznym, ale r\u00f3wnie\u017c ekonomicznym i spo\u0142ecznym.\u00a0<\/span><\/p>\n<p><span style=\"font-weight: 400;\">Konferencja jest organizowana w ramach mi\u0119dzynarodowego projektu badawczego \u201eUrban Post-COVID Recovery in the V4 Countries\u201d realizowanego przy wsparciu International Visegrad Fund (Strategic Grant).<\/span><\/p>\n<p><span style=\"font-weight: 400;\">Wi\u0119cej: <\/span><a href=\"https:\/\/uwr.edu.pl\/wydarzenia\/miedzynarodowa-konferencja-samorzady-podczas-i-po-pandemii\/\"><span style=\"font-weight: 400;\">https:\/\/uwr.edu.pl\/wydarzenia\/miedzynarodowa-konferencja-samorzady-podczas-i-po-pandemii\/<\/span><\/a><\/p>\n<p>&nbsp;<\/p>\n<p><span style=\"font-weight: 400;\">jsz<\/span><\/p>\n","protected":false},"excerpt":{"rendered":"<p>Instytut Politologii Uniwersytetu Wroc\u0142awskiego zaprasza 26 i 27 kwietnia na mi\u0119dzynarodow\u0105 konferencj\u0119 naukow\u0105 \u201eUrban Post-COVID Recovery \u2013 Experiences, Challenges and Future Pathways\u201d. Wydarzenie zosta\u0142o obj\u0119te patronatem Sekcji Administracji i Polityk Polskiego Towarzystwa Nauk Politycznych \u2013 informuje uczelnia. Celem konferencji jest prezentacja rezultat\u00f3w bada\u0144 naukowych oraz wymiana do\u015bwiadcze\u0144 i opinii na temat funkcjonowania jednostek samorz\u0105du terytorialnego [&hellip;]<\/p>\n","protected":false},"author":6,"featured_media":265852,"comment_status":"closed","ping_status":"closed","sticky":false,"template":"","format":"standard","meta":[],"categories":[22],"tags":[],"_links":{"self":[{"href":"https:\/\/www.polishscience.pl\/pl\/wp-json\/wp\/v2\/posts\/265778"}],"collection":[{"href":"https:\/\/www.polishscience.pl\/pl\/wp-json\/wp\/v2\/posts"}],"about":[{"href":"https:\/\/www.polishscience.pl\/pl\/wp-json\/wp\/v2\/types\/post"}],"author":[{"embeddable":true,"href":"https:\/\/www.polishscience.pl\/pl\/wp-json\/wp\/v2\/users\/6"}],"replies":[{"embeddable":true,"href":"https:\/\/www.polishscience.pl\/pl\/wp-json\/wp\/v2\/comments?post=265778"}],"version-history":[{"count":1,"href":"https:\/\/www.polishscience.pl\/pl\/wp-json\/wp\/v2\/posts\/265778\/revisions"}],"predecessor-version":[{"id":265861,"href":"https:\/\/www.polishscience.pl\/pl\/wp-json\/wp\/v2\/posts\/265778\/revisions\/265861"}],"wp:featuredmedia":[{"embeddable":true,"href":"https:\/\/www.polishscience.pl\/pl\/wp-json\/wp\/v2\/media\/265852"}],"wp:attachment":[{"href":"https:\/\/www.polishscience.pl\/pl\/wp-json\/wp\/v2\/media?parent=265778"}],"wp:term":[{"taxonomy":"category","embeddable":true,"href":"https:\/\/www.polishscience.pl\/pl\/wp-json\/wp\/v2\/categories?post=265778"},{"taxonomy":"post_tag","embeddable":true,"href":"https:\/\/www.polishscience.pl\/pl\/wp-json\/wp\/v2\/tags?post=265778"}],"curies":[{"name":"wp","href":"https:\/\/api.w.org\/{rel}","templated":true}]}}