{"id":265207,"date":"2023-02-08T10:45:08","date_gmt":"2023-02-08T09:45:08","guid":{"rendered":"https:\/\/polishscience.pl\/?p=265207"},"modified":"2023-02-08T10:45:08","modified_gmt":"2023-02-08T09:45:08","slug":"xxxi-konferencja-stowarzyszenia-nauczycieli-matematyki-matematyczna-manufaktura","status":"publish","type":"post","link":"https:\/\/www.polishscience.pl\/pl\/xxxi-konferencja-stowarzyszenia-nauczycieli-matematyki-matematyczna-manufaktura\/","title":{"rendered":"XXXI Konferencja Stowarzyszenia Nauczycieli Matematyki &#8211;\u00a0Matematyczna Manufaktura"},"content":{"rendered":"<p><b>Od 10 do 13 lutego Politechnika \u0141\u00f3dzka b\u0119dzie go\u015bci\u0107 XXXI Konferencj\u0119 Stowarzyszenia Nauczycieli Matematyki &#8211;\u00a0Matematyczna Manufaktura, na kt\u00f3rej matematycy z ca\u0142ej Polski b\u0119d\u0105 dyskutowa\u0107 o edukacji i wymienia\u0107 pogl\u0105dy na temat metod nauczania, a tak\u017ce dzieli\u0107 si\u0119 dobrymi praktykami w kszta\u0142ceniu.<\/b><\/p>\n<p><span style=\"font-weight: 400;\">Podczas uroczystego rozpocz\u0119cia konferencji, w pi\u0105tek\u00a010 lutego,\u00a0w Auli Alchemium Politechniki \u0141\u00f3dzkiej, wyk\u0142ad inauguracyjny pt.\u00a0Matematyka, sztuczna inteligencja i m\u00f3zgi, wyg\u0142osi prof.\u00a0Wodzis\u0142aw Duch\u00a0z Uniwersytetu Miko\u0142aja Kopernika w Toruniu.<\/span><\/p>\n<p><span style=\"font-weight: 400;\">Podczas konferencji organizatorzy planuj\u0105 rozpocz\u0105\u0107 dyskusj\u0119 na temat edukacji matematyki.\u00a0<\/span><\/p>\n<p><span style=\"font-weight: 400;\">Chcieliby\u015bmy przekaza\u0107 nauczycielom informacj\u0119, czego wed\u0142ug nas nie ma na lekcjach matematyki i jakich kompetencji oczekujemy od uczni\u00f3w. I w drug\u0105 stron\u0119, chcieliby\u015bmy, aby nasi nauczyciele mieli wiedz\u0119, co si\u0119 dzieje w obszarze matematyki na wcze\u015bniejszych etapach kszta\u0142cenia, bo czasem wydaje mi si\u0119, \u017ce istniej\u0105 du\u017ce rozbie\u017cno\u015bci\u00a0&#8211; m\u00f3wi dr hab. in\u017c.\u00a0Ewa Korzeniewska, prof. P\u0141 i prodziekan ds. studenckich P\u0141.<\/span><\/p>\n<p><span style=\"font-weight: 400;\">jp<\/span><\/p>\n","protected":false},"excerpt":{"rendered":"<p>Od 10 do 13 lutego Politechnika \u0141\u00f3dzka b\u0119dzie go\u015bci\u0107 XXXI Konferencj\u0119 Stowarzyszenia Nauczycieli Matematyki &#8211;\u00a0Matematyczna Manufaktura, na kt\u00f3rej matematycy z ca\u0142ej Polski b\u0119d\u0105 dyskutowa\u0107 o edukacji i wymienia\u0107 pogl\u0105dy na temat metod nauczania, a tak\u017ce dzieli\u0107 si\u0119 dobrymi praktykami w kszta\u0142ceniu. Podczas uroczystego rozpocz\u0119cia konferencji, w pi\u0105tek\u00a010 lutego,\u00a0w Auli Alchemium Politechniki \u0141\u00f3dzkiej, wyk\u0142ad inauguracyjny pt.\u00a0Matematyka, [&hellip;]<\/p>\n","protected":false},"author":6,"featured_media":265217,"comment_status":"closed","ping_status":"closed","sticky":false,"template":"","format":"standard","meta":[],"categories":[22],"tags":[],"_links":{"self":[{"href":"https:\/\/www.polishscience.pl\/pl\/wp-json\/wp\/v2\/posts\/265207"}],"collection":[{"href":"https:\/\/www.polishscience.pl\/pl\/wp-json\/wp\/v2\/posts"}],"about":[{"href":"https:\/\/www.polishscience.pl\/pl\/wp-json\/wp\/v2\/types\/post"}],"author":[{"embeddable":true,"href":"https:\/\/www.polishscience.pl\/pl\/wp-json\/wp\/v2\/users\/6"}],"replies":[{"embeddable":true,"href":"https:\/\/www.polishscience.pl\/pl\/wp-json\/wp\/v2\/comments?post=265207"}],"version-history":[{"count":1,"href":"https:\/\/www.polishscience.pl\/pl\/wp-json\/wp\/v2\/posts\/265207\/revisions"}],"predecessor-version":[{"id":265226,"href":"https:\/\/www.polishscience.pl\/pl\/wp-json\/wp\/v2\/posts\/265207\/revisions\/265226"}],"wp:featuredmedia":[{"embeddable":true,"href":"https:\/\/www.polishscience.pl\/pl\/wp-json\/wp\/v2\/media\/265217"}],"wp:attachment":[{"href":"https:\/\/www.polishscience.pl\/pl\/wp-json\/wp\/v2\/media?parent=265207"}],"wp:term":[{"taxonomy":"category","embeddable":true,"href":"https:\/\/www.polishscience.pl\/pl\/wp-json\/wp\/v2\/categories?post=265207"},{"taxonomy":"post_tag","embeddable":true,"href":"https:\/\/www.polishscience.pl\/pl\/wp-json\/wp\/v2\/tags?post=265207"}],"curies":[{"name":"wp","href":"https:\/\/api.w.org\/{rel}","templated":true}]}}