{"id":264952,"date":"2023-02-07T11:01:21","date_gmt":"2023-02-07T10:01:21","guid":{"rendered":"https:\/\/polishscience.pl\/?p=264952"},"modified":"2023-02-07T11:01:21","modified_gmt":"2023-02-07T10:01:21","slug":"dlaczego-nadal-interesuje-nas-mikolaj-kopernik-wyklad-prof-michala-kokowskiego","status":"publish","type":"post","link":"https:\/\/www.polishscience.pl\/pl\/dlaczego-nadal-interesuje-nas-mikolaj-kopernik-wyklad-prof-michala-kokowskiego\/","title":{"rendered":"\u201eDlaczego nadal interesuje nas Miko\u0142aj Kopernik?&#8221; &#8211; wyk\u0142ad prof. Micha\u0142a Kokowskiego"},"content":{"rendered":"<p class=\"western\"><span style=\"color: #000000;\"><span style=\"font-family: Times New Roman, serif;\"><span style=\"font-size: medium;\"><span lang=\"pl-PL\"><b>Polska Akademia Umiej\u0119tno\u015bci zaprasza 16 lutego 2023 r. na wyk\u0142ad prof. Micha\u0142a Kokowskiego z okazji 550-lecia urodzin Miko\u0142aja Kopernika oraz 150-lecia pierwszego publicznego posiedzenia Akademii Umiej\u0119tno\u015bci. Spotkanie odb\u0119dzie si\u0119 w ramach obchod\u00f3w Roku Miko\u0142aja Kopernika w Krakowie.<\/b><\/span><\/span><\/span><\/span><\/p>\n<p class=\"western\"><span style=\"color: #000000;\"><span style=\"font-family: Times New Roman, serif;\"><span style=\"font-size: medium;\"><span lang=\"pl-PL\">Prof. Micha\u0142 Kokowski specjalizuje si\u0119 w historii i filozofii nauk \u015bcis\u0142ych oraz badaniu zwi\u0105zk\u00f3w tych dyscyplin z filozofi\u0105, religi\u0105 i teologi\u0105, sztukami pi\u0119knymi oraz technik\u0105.\u00a0<\/span><\/span><\/span><\/span><\/p>\n<p class=\"western\"><span style=\"color: #000000;\"><span style=\"font-family: Times New Roman, serif;\"><span style=\"font-size: medium;\"><span lang=\"pl-PL\">Analizowa\u0142 m.in. dorobek W\u0142adys\u0142awa Natansona, Thomasa S. Kuhna a szczeg\u00f3lnie Miko\u0142aja Kopernika. Jako jedyny dot\u0105d badacz w Polsce uzyska\u0142 stopie\u0144 doktora (1997) i doktora habilitowanego (2005) z tematyki bada\u0144 kopernika\u0144skich.<\/span><\/span><\/span><\/span><\/p>\n<p class=\"western\"><span style=\"color: #000000;\"><span style=\"font-family: Times New Roman, serif;\"><span style=\"font-size: medium;\"><span lang=\"pl-PL\">Jak m\u00f3wi\u0142 w wywiadzie dla PAP, Kopernik by\u0142 cz\u0142owiekiem \u201egenialnym, bezdyskusyjnie genialnym a jego osoba wywo\u0142uje do dzi\u015b w ludziach nami\u0119tno\u015b\u0107, bo wynika to z faktu, \u017ce zmieni\u0142 obraz \u015bwiata\u201d.\u00a0<\/span><\/span><\/span><\/span><\/p>\n<p class=\"western\"><span style=\"color: #000000;\"><span style=\"font-family: Times New Roman, serif;\"><span style=\"font-size: medium;\"><span lang=\"pl-PL\">jp<\/span><\/span><\/span><\/span><\/p>\n","protected":false},"excerpt":{"rendered":"<p>Polska Akademia Umiej\u0119tno\u015bci zaprasza 16 lutego 2023 r. na wyk\u0142ad prof. Micha\u0142a Kokowskiego z okazji 550-lecia urodzin Miko\u0142aja Kopernika oraz 150-lecia pierwszego publicznego posiedzenia Akademii Umiej\u0119tno\u015bci. Spotkanie odb\u0119dzie si\u0119 w ramach obchod\u00f3w Roku Miko\u0142aja Kopernika w Krakowie. Prof. Micha\u0142 Kokowski specjalizuje si\u0119 w historii i filozofii nauk \u015bcis\u0142ych oraz badaniu zwi\u0105zk\u00f3w tych dyscyplin z filozofi\u0105, [&hellip;]<\/p>\n","protected":false},"author":6,"featured_media":264980,"comment_status":"closed","ping_status":"closed","sticky":false,"template":"","format":"standard","meta":[],"categories":[22],"tags":[],"_links":{"self":[{"href":"https:\/\/www.polishscience.pl\/pl\/wp-json\/wp\/v2\/posts\/264952"}],"collection":[{"href":"https:\/\/www.polishscience.pl\/pl\/wp-json\/wp\/v2\/posts"}],"about":[{"href":"https:\/\/www.polishscience.pl\/pl\/wp-json\/wp\/v2\/types\/post"}],"author":[{"embeddable":true,"href":"https:\/\/www.polishscience.pl\/pl\/wp-json\/wp\/v2\/users\/6"}],"replies":[{"embeddable":true,"href":"https:\/\/www.polishscience.pl\/pl\/wp-json\/wp\/v2\/comments?post=264952"}],"version-history":[{"count":1,"href":"https:\/\/www.polishscience.pl\/pl\/wp-json\/wp\/v2\/posts\/264952\/revisions"}],"predecessor-version":[{"id":264989,"href":"https:\/\/www.polishscience.pl\/pl\/wp-json\/wp\/v2\/posts\/264952\/revisions\/264989"}],"wp:featuredmedia":[{"embeddable":true,"href":"https:\/\/www.polishscience.pl\/pl\/wp-json\/wp\/v2\/media\/264980"}],"wp:attachment":[{"href":"https:\/\/www.polishscience.pl\/pl\/wp-json\/wp\/v2\/media?parent=264952"}],"wp:term":[{"taxonomy":"category","embeddable":true,"href":"https:\/\/www.polishscience.pl\/pl\/wp-json\/wp\/v2\/categories?post=264952"},{"taxonomy":"post_tag","embeddable":true,"href":"https:\/\/www.polishscience.pl\/pl\/wp-json\/wp\/v2\/tags?post=264952"}],"curies":[{"name":"wp","href":"https:\/\/api.w.org\/{rel}","templated":true}]}}