{"id":263637,"date":"2023-01-31T10:01:34","date_gmt":"2023-01-31T09:01:34","guid":{"rendered":"https:\/\/polishscience.pl\/?p=263637"},"modified":"2023-01-31T10:01:34","modified_gmt":"2023-01-31T09:01:34","slug":"prezydia-krasp-i-pan-spotkaly-sie-z-ministrem-przemyslawem-czarnkiem","status":"publish","type":"post","link":"https:\/\/www.polishscience.pl\/pl\/prezydia-krasp-i-pan-spotkaly-sie-z-ministrem-przemyslawem-czarnkiem\/","title":{"rendered":"Prezydia KRASP i PAN spotka\u0142y si\u0119 z ministrem Przemys\u0142awem Czarnkiem"},"content":{"rendered":"<p><b>Minister edukacji i nauki Przemys\u0142aw Czarnek spotka\u0142 si\u0119 z przedstawicielami prezydi\u00f3w Konferencji Rektor\u00f3w Akademickich Szk\u00f3\u0142 Polskich (KRASP) oraz Polskiej Akademii Nauk (PAN), aby przedyskutowa\u0107 przysz\u0142y model oceny jako\u015bci dzia\u0142alno\u015bci naukowej w Polsce, finansowanie dost\u0119pu do baz czasopism oraz nowelizacj\u0119 ustawy Prawo o szkolnictwie wy\u017cszym i nauce.<\/b><\/p>\n<p><span style=\"font-weight: 400;\">Podczas spotkania szef resortu nauki poinformowa\u0142 o przekazaniu do podpisu Prezydenta Polski ustawy o zmianie ustawy \u2013 Prawo o szkolnictwie wy\u017cszym i nauce oraz niekt\u00f3rych innych ustaw.\u00a0<\/span><\/p>\n<p><span style=\"font-weight: 400;\">Nowelizacja jest zwi\u0105zana z wej\u015bciem w \u017cycie rozporz\u0105dzenia Ministra Edukacji i Nauki z dnia 11 pa\u017adziernika 2022 r. w sprawie dziedzin nauki i dyscyplin naukowych oraz dyscyplin artystycznych, w tym w zakresie: nadawania uprawnie\u0144 do nadawania stopnia doktora i doktora habilitowanego oraz prowadzenia szk\u00f3\u0142 doktorskich w przypadku wyodr\u0119bnienia nowej dyscypliny oraz zasad prowadzenia post\u0119powa\u0144 w sprawie nadania stopnia doktora, stopnia doktora habilitowanego oraz tytu\u0142u profesora w przypadku w\u0142\u0105czenia dyscypliny do innej dyscypliny albo do innych dyscyplin albo w\u0142\u0105czenia dziedziny do innej dziedziny albo do innych dziedzin.<\/span><\/p>\n<p><span style=\"font-weight: 400;\">jp <\/span><\/p>\n","protected":false},"excerpt":{"rendered":"<p>Minister edukacji i nauki Przemys\u0142aw Czarnek spotka\u0142 si\u0119 z przedstawicielami prezydi\u00f3w Konferencji Rektor\u00f3w Akademickich Szk\u00f3\u0142 Polskich (KRASP) oraz Polskiej Akademii Nauk (PAN), aby przedyskutowa\u0107 przysz\u0142y model oceny jako\u015bci dzia\u0142alno\u015bci naukowej w Polsce, finansowanie dost\u0119pu do baz czasopism oraz nowelizacj\u0119 ustawy Prawo o szkolnictwie wy\u017cszym i nauce. Podczas spotkania szef resortu nauki poinformowa\u0142 o przekazaniu do [&hellip;]<\/p>\n","protected":false},"author":6,"featured_media":263646,"comment_status":"closed","ping_status":"closed","sticky":false,"template":"","format":"standard","meta":[],"categories":[22],"tags":[],"_links":{"self":[{"href":"https:\/\/www.polishscience.pl\/pl\/wp-json\/wp\/v2\/posts\/263637"}],"collection":[{"href":"https:\/\/www.polishscience.pl\/pl\/wp-json\/wp\/v2\/posts"}],"about":[{"href":"https:\/\/www.polishscience.pl\/pl\/wp-json\/wp\/v2\/types\/post"}],"author":[{"embeddable":true,"href":"https:\/\/www.polishscience.pl\/pl\/wp-json\/wp\/v2\/users\/6"}],"replies":[{"embeddable":true,"href":"https:\/\/www.polishscience.pl\/pl\/wp-json\/wp\/v2\/comments?post=263637"}],"version-history":[{"count":1,"href":"https:\/\/www.polishscience.pl\/pl\/wp-json\/wp\/v2\/posts\/263637\/revisions"}],"predecessor-version":[{"id":263655,"href":"https:\/\/www.polishscience.pl\/pl\/wp-json\/wp\/v2\/posts\/263637\/revisions\/263655"}],"wp:featuredmedia":[{"embeddable":true,"href":"https:\/\/www.polishscience.pl\/pl\/wp-json\/wp\/v2\/media\/263646"}],"wp:attachment":[{"href":"https:\/\/www.polishscience.pl\/pl\/wp-json\/wp\/v2\/media?parent=263637"}],"wp:term":[{"taxonomy":"category","embeddable":true,"href":"https:\/\/www.polishscience.pl\/pl\/wp-json\/wp\/v2\/categories?post=263637"},{"taxonomy":"post_tag","embeddable":true,"href":"https:\/\/www.polishscience.pl\/pl\/wp-json\/wp\/v2\/tags?post=263637"}],"curies":[{"name":"wp","href":"https:\/\/api.w.org\/{rel}","templated":true}]}}