{"id":263367,"date":"2023-01-30T07:06:43","date_gmt":"2023-01-30T06:06:43","guid":{"rendered":"https:\/\/polishscience.pl\/?p=263367"},"modified":"2023-01-29T20:44:26","modified_gmt":"2023-01-29T19:44:26","slug":"swiatowy-dzien-mokradel","status":"publish","type":"post","link":"https:\/\/www.polishscience.pl\/pl\/swiatowy-dzien-mokradel\/","title":{"rendered":"\u015awiatowy Dzie\u0144 Mokrade\u0142"},"content":{"rendered":"<p><b>3 lutego 2023 r. na Wydziale Nauk o Ziemi i Gospodarki Przestrzennej Uniwersytetu Marii Curie-Sk\u0142odowskiej (UMCS) w Lublinie odb\u0119d\u0105 si\u0119 obchody \u015awiatowego Dnia Mokrade\u0142. Tegoroczna 6 edycja wydarzenia sk\u0142ada si\u0119 z dw\u00f3ch cz\u0119\u015bci: popularnonaukowej oraz sesji naukowej. Has\u0142o tegorocznej edycji to \u201eJu\u017c czas na przywr\u00f3cenie mokrade\u0142\u201d.<\/b><\/p>\n<p><span style=\"font-weight: 400;\">Cz\u0119\u015b\u0107 popularnonaukowa\u00a0obejmuj\u0105ca\u00a0wyk\u0142ady, warsztaty, konkursy i wystawy\u00a0jest przeznaczona przede wszystkim\u00a0dla uczni\u00f3w szk\u00f3\u0142 ponadpodstawowych i wszystkich os\u00f3b zainteresowanych tematyk\u0105 obszar\u00f3w podmok\u0142ych.<\/span><\/p>\n<p><span style=\"font-weight: 400;\">Na program wydarzenia w cz\u0119\u015bci popularnonaukowej sk\u0142adaj\u0105 si\u0119\u00a03\u00a0wyk\u0142ady, 13 warsztat\u00f3w tematycznych, wystawy prac malarskich i fotograficzne oraz konkursy. Natomiast cz\u0119\u015b\u0107 naukowa obejmie rozmowy w gronie specjalist\u00f3w \u2013 naukowc\u00f3w i praktyk\u00f3w, o aktualnie realizowanych i zako\u0144czonych projektach, a tak\u017ce walorach przyrodniczych obszar\u00f3w wodno-b\u0142otnych, ochronie gatunk\u00f3w i siedlisk, wsp\u00f3\u0142pracy transgranicznej czy wp\u0142ywie zmian klimatu na zachowania awifauny.<\/span><\/p>\n<p><span style=\"font-weight: 400;\">jp<\/span><\/p>\n","protected":false},"excerpt":{"rendered":"<p>3 lutego 2023 r. na Wydziale Nauk o Ziemi i Gospodarki Przestrzennej Uniwersytetu Marii Curie-Sk\u0142odowskiej (UMCS) w Lublinie odb\u0119d\u0105 si\u0119 obchody \u015awiatowego Dnia Mokrade\u0142. Tegoroczna 6 edycja wydarzenia sk\u0142ada si\u0119 z dw\u00f3ch cz\u0119\u015bci: popularnonaukowej oraz sesji naukowej. Has\u0142o tegorocznej edycji to \u201eJu\u017c czas na przywr\u00f3cenie mokrade\u0142\u201d. Cz\u0119\u015b\u0107 popularnonaukowa\u00a0obejmuj\u0105ca\u00a0wyk\u0142ady, warsztaty, konkursy i wystawy\u00a0jest przeznaczona przede wszystkim\u00a0dla [&hellip;]<\/p>\n","protected":false},"author":6,"featured_media":263402,"comment_status":"closed","ping_status":"closed","sticky":false,"template":"","format":"standard","meta":[],"categories":[22],"tags":[],"_links":{"self":[{"href":"https:\/\/www.polishscience.pl\/pl\/wp-json\/wp\/v2\/posts\/263367"}],"collection":[{"href":"https:\/\/www.polishscience.pl\/pl\/wp-json\/wp\/v2\/posts"}],"about":[{"href":"https:\/\/www.polishscience.pl\/pl\/wp-json\/wp\/v2\/types\/post"}],"author":[{"embeddable":true,"href":"https:\/\/www.polishscience.pl\/pl\/wp-json\/wp\/v2\/users\/6"}],"replies":[{"embeddable":true,"href":"https:\/\/www.polishscience.pl\/pl\/wp-json\/wp\/v2\/comments?post=263367"}],"version-history":[{"count":1,"href":"https:\/\/www.polishscience.pl\/pl\/wp-json\/wp\/v2\/posts\/263367\/revisions"}],"predecessor-version":[{"id":263411,"href":"https:\/\/www.polishscience.pl\/pl\/wp-json\/wp\/v2\/posts\/263367\/revisions\/263411"}],"wp:featuredmedia":[{"embeddable":true,"href":"https:\/\/www.polishscience.pl\/pl\/wp-json\/wp\/v2\/media\/263402"}],"wp:attachment":[{"href":"https:\/\/www.polishscience.pl\/pl\/wp-json\/wp\/v2\/media?parent=263367"}],"wp:term":[{"taxonomy":"category","embeddable":true,"href":"https:\/\/www.polishscience.pl\/pl\/wp-json\/wp\/v2\/categories?post=263367"},{"taxonomy":"post_tag","embeddable":true,"href":"https:\/\/www.polishscience.pl\/pl\/wp-json\/wp\/v2\/tags?post=263367"}],"curies":[{"name":"wp","href":"https:\/\/api.w.org\/{rel}","templated":true}]}}