{"id":262669,"date":"2023-01-25T07:19:34","date_gmt":"2023-01-25T06:19:34","guid":{"rendered":"https:\/\/polishscience.pl\/?p=262669"},"modified":"2023-01-24T20:22:09","modified_gmt":"2023-01-24T19:22:09","slug":"wyklad-kopernik-w-krakowie-krakow-kopernikowi-na-inauguracje-roku-kopernika","status":"publish","type":"post","link":"https:\/\/www.polishscience.pl\/pl\/wyklad-kopernik-w-krakowie-krakow-kopernikowi-na-inauguracje-roku-kopernika\/","title":{"rendered":"Wyk\u0142ad \u201eKopernik w Krakowie. Krak\u00f3w Kopernikowi\u201d na inauguracj\u0119 Roku Kopernika"},"content":{"rendered":"<p><b>Wyk\u0142ad prof. dr hab. n. med. Aleksandra B. Skotnickiego w dniu 26 stycznia b\u0119dzie stanowi\u0142 inauguracj\u0119 obchod\u00f3w Roku Miko\u0142aja Kopernika w Krakowie organizowanych z okazji przypadaj\u0105cej w 2023 roku 550. rocznicy urodzin wybitnego astronoma.\u00a0<\/b><\/p>\n<p><span style=\"font-weight: 400;\">Prof. Skotnicki podczas spotkania w Librarii Collegium Maius Uniwersytetu Jagiello\u0144skiego (UJ) przedstawi histori\u0119 pomnika upami\u0119tniaj\u0105cego najs\u0142ynniejszego studenta UJ.<\/span><\/p>\n<p><span style=\"font-weight: 400;\">Wiosn\u0105 1893 roku w\u0142adze UJ podj\u0119\u0142y starania o pozyskanie funduszy na namalowanie przez Jana Matejk\u0119 trzech obraz\u00f3w, kt\u00f3re mia\u0142y zdobi\u0107 aul\u0119 Collegium Novum. We wrze\u015bniu tego roku rz\u0105d w Wiedniu przeznaczy\u0142 30 tys. z\u0142. na wykonanie tych dzie\u0142. Niestety, Matejko zmar\u0142 w listopadzie 1893 r. \u00d3wczesny kierownik Katedry Historii Sztuki, prof. Marian Soko\u0142owski, zaproponowa\u0142 Senatowi UJ przeznaczenie cz\u0119\u015bci tych funduszy na pomnik Kopernika, kt\u00f3ry mia\u0142 stan\u0105\u0107 na dziedzi\u0144cu Collegium Maius w okresie planowanego jubileuszu 500- lecia odnowienia Akademii Krakowskiej.\u00a0<\/span><\/p>\n<p><span style=\"font-weight: 400;\">W\u00a01899\u00a0r. powsta\u0142 pomnik Kopernika wed\u0142ug projektu\u00a0Cypriana Godebskiego, a\u00a08 czerwca\u00a01900\u00a0r. zosta\u0142 uroczy\u015bcie ods\u0142oni\u0119ty na dziedzi\u0144cu\u00a0UJ.<\/span><\/p>\n<p><span style=\"font-weight: 400;\">jp<\/span><\/p>\n","protected":false},"excerpt":{"rendered":"<p>Wyk\u0142ad prof. dr hab. n. med. Aleksandra B. Skotnickiego w dniu 26 stycznia b\u0119dzie stanowi\u0142 inauguracj\u0119 obchod\u00f3w Roku Miko\u0142aja Kopernika w Krakowie organizowanych z okazji przypadaj\u0105cej w 2023 roku 550. rocznicy urodzin wybitnego astronoma.\u00a0 Prof. Skotnicki podczas spotkania w Librarii Collegium Maius Uniwersytetu Jagiello\u0144skiego (UJ) przedstawi histori\u0119 pomnika upami\u0119tniaj\u0105cego najs\u0142ynniejszego studenta UJ. Wiosn\u0105 1893 roku [&hellip;]<\/p>\n","protected":false},"author":6,"featured_media":262689,"comment_status":"closed","ping_status":"closed","sticky":false,"template":"","format":"standard","meta":[],"categories":[22],"tags":[],"_links":{"self":[{"href":"https:\/\/www.polishscience.pl\/pl\/wp-json\/wp\/v2\/posts\/262669"}],"collection":[{"href":"https:\/\/www.polishscience.pl\/pl\/wp-json\/wp\/v2\/posts"}],"about":[{"href":"https:\/\/www.polishscience.pl\/pl\/wp-json\/wp\/v2\/types\/post"}],"author":[{"embeddable":true,"href":"https:\/\/www.polishscience.pl\/pl\/wp-json\/wp\/v2\/users\/6"}],"replies":[{"embeddable":true,"href":"https:\/\/www.polishscience.pl\/pl\/wp-json\/wp\/v2\/comments?post=262669"}],"version-history":[{"count":1,"href":"https:\/\/www.polishscience.pl\/pl\/wp-json\/wp\/v2\/posts\/262669\/revisions"}],"predecessor-version":[{"id":262698,"href":"https:\/\/www.polishscience.pl\/pl\/wp-json\/wp\/v2\/posts\/262669\/revisions\/262698"}],"wp:featuredmedia":[{"embeddable":true,"href":"https:\/\/www.polishscience.pl\/pl\/wp-json\/wp\/v2\/media\/262689"}],"wp:attachment":[{"href":"https:\/\/www.polishscience.pl\/pl\/wp-json\/wp\/v2\/media?parent=262669"}],"wp:term":[{"taxonomy":"category","embeddable":true,"href":"https:\/\/www.polishscience.pl\/pl\/wp-json\/wp\/v2\/categories?post=262669"},{"taxonomy":"post_tag","embeddable":true,"href":"https:\/\/www.polishscience.pl\/pl\/wp-json\/wp\/v2\/tags?post=262669"}],"curies":[{"name":"wp","href":"https:\/\/api.w.org\/{rel}","templated":true}]}}