{"id":260936,"date":"2023-01-17T09:50:59","date_gmt":"2023-01-17T08:50:59","guid":{"rendered":"https:\/\/polishscience.pl\/?p=260936"},"modified":"2023-01-17T09:50:59","modified_gmt":"2023-01-17T08:50:59","slug":"dzien-judaizmu-w-archidiecezji-lubelskiej","status":"publish","type":"post","link":"https:\/\/www.polishscience.pl\/pl\/dzien-judaizmu-w-archidiecezji-lubelskiej\/","title":{"rendered":"Dzie\u0144 Judaizmu w Archidiecezji Lubelskiej"},"content":{"rendered":"<p><b>W \u015brod\u0119, 18 stycznia 2023 r. rozpoczn\u0105 si\u0119 tegoroczne obchody Dnia Judaizmu w Archidiecezji Lubelskiej. Organizatorami wydarzenia s\u0105 Archidiecezjalne Centrum Dialogu Katolicko-\u017bydowskiego oraz Centrum Relacji Katolicko-\u017bydowskich Katolickiego Uniwersytetu Lubelskiego (KUL) im. Abrahama J. Heschela.<\/b><\/p>\n<p><span style=\"font-weight: 400;\">Potrzebujemy tego Dnia Judaizmu, w kt\u00f3rym mo\u017cemy odkrywa\u0107 \u017cydowskie korzenie chrze\u015bcija\u0144skiej religii, mo\u017cemy prowadzi\u0107 wsp\u00f3lny dialog, mo\u017cemy si\u0119 modli\u0107, mo\u017cemy wsp\u00f3lnie odkrywa\u0107 bogactwo naszych religii i wsp\u00f3lnie rozwi\u0105zywa\u0107 problemy, kt\u00f3re napotykamy we wsp\u00f3\u0142czesnym \u015bwiecie\u00a0&#8211;\u00a0podkre\u015bli\u0142 ks. prof. dr hab. Miros\u0142aw Wr\u00f3bel, dyrektor Centrum Relacji Katolicko-\u017bydowskich KUL im. Abrahama J. Heschela.<\/span><\/p>\n<p><span style=\"font-weight: 400;\">Spotkanie rozpocznie pie\u015b\u0144 &#8222;Shema Israel&#8221;, po kt\u00f3rej b\u0119d\u0105 czytane teksty z Tory i Ewangelii oraz zostan\u0105 wyg\u0142oszone dwa komentarze \u2013 \u017cydowski i katolicki. O \u015bwi\u0119towaniu Paschy w uj\u0119ciu \u017cydowskim opowie rabin Icchak Rapoport z Gminy Wyznaniowej \u017bydowskiej w Warszawie, za\u015b Pasch\u0119 w uj\u0119ciu chrze\u015bcija\u0144skim przedstawi ks. Miros\u0142aw Bielecki, ojciec Ogniska \u015awiat\u0142a i Mi\u0142o\u015bci w \u0141opocznie.<\/span><\/p>\n<p><span style=\"font-weight: 400;\">jp<\/span><\/p>\n","protected":false},"excerpt":{"rendered":"<p>W \u015brod\u0119, 18 stycznia 2023 r. rozpoczn\u0105 si\u0119 tegoroczne obchody Dnia Judaizmu w Archidiecezji Lubelskiej. Organizatorami wydarzenia s\u0105 Archidiecezjalne Centrum Dialogu Katolicko-\u017bydowskiego oraz Centrum Relacji Katolicko-\u017bydowskich Katolickiego Uniwersytetu Lubelskiego (KUL) im. Abrahama J. Heschela. Potrzebujemy tego Dnia Judaizmu, w kt\u00f3rym mo\u017cemy odkrywa\u0107 \u017cydowskie korzenie chrze\u015bcija\u0144skiej religii, mo\u017cemy prowadzi\u0107 wsp\u00f3lny dialog, mo\u017cemy si\u0119 modli\u0107, mo\u017cemy wsp\u00f3lnie [&hellip;]<\/p>\n","protected":false},"author":6,"featured_media":260965,"comment_status":"closed","ping_status":"closed","sticky":false,"template":"","format":"standard","meta":[],"categories":[22],"tags":[],"_links":{"self":[{"href":"https:\/\/www.polishscience.pl\/pl\/wp-json\/wp\/v2\/posts\/260936"}],"collection":[{"href":"https:\/\/www.polishscience.pl\/pl\/wp-json\/wp\/v2\/posts"}],"about":[{"href":"https:\/\/www.polishscience.pl\/pl\/wp-json\/wp\/v2\/types\/post"}],"author":[{"embeddable":true,"href":"https:\/\/www.polishscience.pl\/pl\/wp-json\/wp\/v2\/users\/6"}],"replies":[{"embeddable":true,"href":"https:\/\/www.polishscience.pl\/pl\/wp-json\/wp\/v2\/comments?post=260936"}],"version-history":[{"count":1,"href":"https:\/\/www.polishscience.pl\/pl\/wp-json\/wp\/v2\/posts\/260936\/revisions"}],"predecessor-version":[{"id":260974,"href":"https:\/\/www.polishscience.pl\/pl\/wp-json\/wp\/v2\/posts\/260936\/revisions\/260974"}],"wp:featuredmedia":[{"embeddable":true,"href":"https:\/\/www.polishscience.pl\/pl\/wp-json\/wp\/v2\/media\/260965"}],"wp:attachment":[{"href":"https:\/\/www.polishscience.pl\/pl\/wp-json\/wp\/v2\/media?parent=260936"}],"wp:term":[{"taxonomy":"category","embeddable":true,"href":"https:\/\/www.polishscience.pl\/pl\/wp-json\/wp\/v2\/categories?post=260936"},{"taxonomy":"post_tag","embeddable":true,"href":"https:\/\/www.polishscience.pl\/pl\/wp-json\/wp\/v2\/tags?post=260936"}],"curies":[{"name":"wp","href":"https:\/\/api.w.org\/{rel}","templated":true}]}}