{"id":260294,"date":"2023-01-13T09:17:42","date_gmt":"2023-01-13T08:17:42","guid":{"rendered":"https:\/\/polishscience.pl\/?p=260294"},"modified":"2023-01-13T09:17:42","modified_gmt":"2023-01-13T08:17:42","slug":"lubelscy-naukowcy-beda-monitorowali-sytuacje-mieszkancow-lublina-i-ich-potrzeby","status":"publish","type":"post","link":"https:\/\/www.polishscience.pl\/pl\/lubelscy-naukowcy-beda-monitorowali-sytuacje-mieszkancow-lublina-i-ich-potrzeby\/","title":{"rendered":"Lubelscy naukowcy b\u0119d\u0105 monitorowali sytuacj\u0119 mieszka\u0144c\u00f3w Lublina i ich potrzeby"},"content":{"rendered":"<p><b>Miasto Lublin wraz z\u00a0Instytutem Socjologii Uniwersytetu Marii Curie-Sk\u0142odowskiej (UMCS) w\u00a0Lublinie podpisa\u0142y porozumienie o\u00a0wsp\u00f3\u0142pracy skupiaj\u0105ce si\u0119 na\u00a0kooperacji w\u00a0obszarze bada\u0144, analiz oraz\u00a0projekt\u00f3w naukowych zwi\u0105zanych z\u00a0naukami spo\u0142ecznymi.\u00a0<\/b><\/p>\n<p>Jednym z\u00a0g\u0142\u00f3wnych cel\u00f3w porozumienia jest cykliczna realizacja \u201eDiagnozy Lubelskiej\u201d, czyli\u00a0kompleksowej diagnozy spo\u0142ecznej obejmuj\u0105cej miasto Lublin,\u00a0a\u00a0w\u00a0dalszej perspektywie tak\u017ce wojew\u00f3dztwo lubelskie. Badania realizowane w\u00a0ramach porozumienia pozwol\u0105 na\u00a0systematyczne monitorowanie sytuacji mieszka\u0144c\u00f3w Lublina, ich potrzeb, opinii i\u00a0oczekiwa\u0144 oraz\u00a0zachodz\u0105cych w\u00a0tym obszarze zmian.<\/p>\n<p>Wsp\u00f3\u0142praca na\u00a0linii nauka-biznes-samorz\u0105d stanowi jeden z\u00a0fundament\u00f3w rozwoju wsp\u00f3\u0142czesnych miast akademickich \u2013 jest te\u017c jedn\u0105 z\u00a0misji wsp\u00f3\u0142czesnych uniwersytet\u00f3w. W\u00a0przypadku Lublina \u015bcis\u0142a wsp\u00f3\u0142praca nauki i\u00a0samorz\u0105du jest dzi\u015b znakiem rozpoznawczym, a\u00a0akademicko\u015b\u0107 oraz\u00a0wzmacnianie potencja\u0142u naukowego miasta uznano za\u00a0jeden z\u00a0kluczowych obszar\u00f3w Strategii Lublin 2030\u00a0\u2013 powiedzia\u0142 dr\u00a0Mariusz Sagan, dyrektor Wydzia\u0142u Strategii i\u00a0Przedsi\u0119biorczo\u015bci Urz\u0119du Miasta Lublin.<\/p>\n<p>jp<\/p>\n","protected":false},"excerpt":{"rendered":"<p>Miasto Lublin wraz z\u00a0Instytutem Socjologii Uniwersytetu Marii Curie-Sk\u0142odowskiej (UMCS) w\u00a0Lublinie podpisa\u0142y porozumienie o\u00a0wsp\u00f3\u0142pracy skupiaj\u0105ce si\u0119 na\u00a0kooperacji w\u00a0obszarze bada\u0144, analiz oraz\u00a0projekt\u00f3w naukowych zwi\u0105zanych z\u00a0naukami spo\u0142ecznymi.\u00a0 Jednym z\u00a0g\u0142\u00f3wnych cel\u00f3w porozumienia jest cykliczna realizacja \u201eDiagnozy Lubelskiej\u201d, czyli\u00a0kompleksowej diagnozy spo\u0142ecznej obejmuj\u0105cej miasto Lublin,\u00a0a\u00a0w\u00a0dalszej perspektywie tak\u017ce wojew\u00f3dztwo lubelskie. Badania realizowane w\u00a0ramach porozumienia pozwol\u0105 na\u00a0systematyczne monitorowanie sytuacji mieszka\u0144c\u00f3w Lublina, ich potrzeb, [&hellip;]<\/p>\n","protected":false},"author":6,"featured_media":260340,"comment_status":"closed","ping_status":"closed","sticky":false,"template":"","format":"standard","meta":[],"categories":[22],"tags":[],"_links":{"self":[{"href":"https:\/\/www.polishscience.pl\/pl\/wp-json\/wp\/v2\/posts\/260294"}],"collection":[{"href":"https:\/\/www.polishscience.pl\/pl\/wp-json\/wp\/v2\/posts"}],"about":[{"href":"https:\/\/www.polishscience.pl\/pl\/wp-json\/wp\/v2\/types\/post"}],"author":[{"embeddable":true,"href":"https:\/\/www.polishscience.pl\/pl\/wp-json\/wp\/v2\/users\/6"}],"replies":[{"embeddable":true,"href":"https:\/\/www.polishscience.pl\/pl\/wp-json\/wp\/v2\/comments?post=260294"}],"version-history":[{"count":1,"href":"https:\/\/www.polishscience.pl\/pl\/wp-json\/wp\/v2\/posts\/260294\/revisions"}],"predecessor-version":[{"id":260349,"href":"https:\/\/www.polishscience.pl\/pl\/wp-json\/wp\/v2\/posts\/260294\/revisions\/260349"}],"wp:featuredmedia":[{"embeddable":true,"href":"https:\/\/www.polishscience.pl\/pl\/wp-json\/wp\/v2\/media\/260340"}],"wp:attachment":[{"href":"https:\/\/www.polishscience.pl\/pl\/wp-json\/wp\/v2\/media?parent=260294"}],"wp:term":[{"taxonomy":"category","embeddable":true,"href":"https:\/\/www.polishscience.pl\/pl\/wp-json\/wp\/v2\/categories?post=260294"},{"taxonomy":"post_tag","embeddable":true,"href":"https:\/\/www.polishscience.pl\/pl\/wp-json\/wp\/v2\/tags?post=260294"}],"curies":[{"name":"wp","href":"https:\/\/api.w.org\/{rel}","templated":true}]}}