{"id":260293,"date":"2023-01-13T09:17:13","date_gmt":"2023-01-13T08:17:13","guid":{"rendered":"https:\/\/polishscience.pl\/?p=260293"},"modified":"2023-01-13T09:17:13","modified_gmt":"2023-01-13T08:17:13","slug":"naukowa-konferencja-pszczelarska-w-lublinie","status":"publish","type":"post","link":"https:\/\/www.polishscience.pl\/pl\/naukowa-konferencja-pszczelarska-w-lublinie\/","title":{"rendered":"Naukowa Konferencja Pszczelarska w Lublinie"},"content":{"rendered":"<p><b>W czwartek 19 stycznia 2023 r. w\u00a0Centrum Kongresowym Uniwersytetu Przyrodniczego w\u00a0Lublinie odb\u0119dzie si\u0119 Naukowa Konferencja Pszczelarska dla otoczenia spo\u0142eczno-gospodarczego \u201eNauka praktyce\u201d.\u00a0<\/b><\/p>\n<p>Konferencja, kt\u00f3ra ma \u0142\u0105czy\u0107 \u015bwiat nauki z\u00a0otoczeniem spo\u0142eczno-gospodarczym zosta\u0142a obj\u0119ta patronatem trzech ministerstw: Klimatu i\u00a0\u015arodowiska, Rolnictwa i\u00a0Rozwoju Wsi oraz Edukacji i\u00a0Nauki.<\/p>\n<p>Celem wydarzenia jest zaprezentowanie pszczelarskiego \u015brodowiska naukowego, zintegrowanie spo\u0142eczno\u015bci akademickiej (zajmuj\u0105cej si\u0119 w\u00a0swoich badaniach r\u00f3\u017cnymi dzia\u0142ami pszczelarstwa) z\u00a0pszczelarzami i\u00a0przedsi\u0119biorcami dzia\u0142aj\u0105cymi w\u00a0tym zakresie.<\/p>\n<p>Podczas konferencji zostan\u0105 przedstawione kierunki i\u00a0wyniki bada\u0144 realizowanych w\u00a0poszczeg\u00f3lnych o\u015brodkach naukowych w\u00a0ca\u0142ej Polsce, ich aplikacje, wdro\u017cenia oraz udogodnienia, przydatne w\u00a0codziennej pracy pszczelarza.<\/p>\n<p>jp<\/p>\n","protected":false},"excerpt":{"rendered":"<p>W czwartek 19 stycznia 2023 r. w\u00a0Centrum Kongresowym Uniwersytetu Przyrodniczego w\u00a0Lublinie odb\u0119dzie si\u0119 Naukowa Konferencja Pszczelarska dla otoczenia spo\u0142eczno-gospodarczego \u201eNauka praktyce\u201d.\u00a0 Konferencja, kt\u00f3ra ma \u0142\u0105czy\u0107 \u015bwiat nauki z\u00a0otoczeniem spo\u0142eczno-gospodarczym zosta\u0142a obj\u0119ta patronatem trzech ministerstw: Klimatu i\u00a0\u015arodowiska, Rolnictwa i\u00a0Rozwoju Wsi oraz Edukacji i\u00a0Nauki. Celem wydarzenia jest zaprezentowanie pszczelarskiego \u015brodowiska naukowego, zintegrowanie spo\u0142eczno\u015bci akademickiej (zajmuj\u0105cej si\u0119 w\u00a0swoich [&hellip;]<\/p>\n","protected":false},"author":6,"featured_media":260330,"comment_status":"closed","ping_status":"closed","sticky":false,"template":"","format":"standard","meta":[],"categories":[22],"tags":[],"_links":{"self":[{"href":"https:\/\/www.polishscience.pl\/pl\/wp-json\/wp\/v2\/posts\/260293"}],"collection":[{"href":"https:\/\/www.polishscience.pl\/pl\/wp-json\/wp\/v2\/posts"}],"about":[{"href":"https:\/\/www.polishscience.pl\/pl\/wp-json\/wp\/v2\/types\/post"}],"author":[{"embeddable":true,"href":"https:\/\/www.polishscience.pl\/pl\/wp-json\/wp\/v2\/users\/6"}],"replies":[{"embeddable":true,"href":"https:\/\/www.polishscience.pl\/pl\/wp-json\/wp\/v2\/comments?post=260293"}],"version-history":[{"count":2,"href":"https:\/\/www.polishscience.pl\/pl\/wp-json\/wp\/v2\/posts\/260293\/revisions"}],"predecessor-version":[{"id":260400,"href":"https:\/\/www.polishscience.pl\/pl\/wp-json\/wp\/v2\/posts\/260293\/revisions\/260400"}],"wp:featuredmedia":[{"embeddable":true,"href":"https:\/\/www.polishscience.pl\/pl\/wp-json\/wp\/v2\/media\/260330"}],"wp:attachment":[{"href":"https:\/\/www.polishscience.pl\/pl\/wp-json\/wp\/v2\/media?parent=260293"}],"wp:term":[{"taxonomy":"category","embeddable":true,"href":"https:\/\/www.polishscience.pl\/pl\/wp-json\/wp\/v2\/categories?post=260293"},{"taxonomy":"post_tag","embeddable":true,"href":"https:\/\/www.polishscience.pl\/pl\/wp-json\/wp\/v2\/tags?post=260293"}],"curies":[{"name":"wp","href":"https:\/\/api.w.org\/{rel}","templated":true}]}}