{"id":260292,"date":"2023-01-13T09:16:42","date_gmt":"2023-01-13T08:16:42","guid":{"rendered":"https:\/\/polishscience.pl\/?p=260292"},"modified":"2023-01-13T09:16:42","modified_gmt":"2023-01-13T08:16:42","slug":"polsko-wloskie-rozmowy-o-nauce-i-edukacji","status":"publish","type":"post","link":"https:\/\/www.polishscience.pl\/pl\/polsko-wloskie-rozmowy-o-nauce-i-edukacji\/","title":{"rendered":"Polsko-w\u0142oskie rozmowy o nauce i edukacji"},"content":{"rendered":"<p><b>Wymiana do\u015bwiadcze\u0144, wsp\u00f3\u0142praca polskich i w\u0142oskich uniwersytet\u00f3w, przyjmowanie do szk\u00f3\u0142 dzieci z Ukrainy, sytuacja uczni\u00f3w w polskich szko\u0142ach we W\u0142oszech to g\u0142\u00f3wne tematy rozm\u00f3w ministra edukacji i nauki Przemys\u0142awa Czarnka z ministrem edukacji i zas\u0142ug Republiki W\u0142och Giuseppe Valditarem, kt\u00f3re odby\u0142y si\u0119 w Krakowie.<\/b><\/p>\n<p>To tutaj w Krakowie, na prze\u0142omie XIV i XV w., powsta\u0142 pierwszy w Polsce i drugi w tej cz\u0119\u015bci Europy uniwersytet. Trzysta i sto pi\u0119\u0107dziesi\u0105t lat po tym, jak powsta\u0142y uniwersytety w Bolonii i Padwie \u2013 przypomnia\u0142 minister Czarnek i zwr\u00f3ci\u0142 uwag\u0119, \u017ce \u201ew Krakowie na bazie przyja\u017ani Karola Wojty\u0142y i Jerzego Krugera zrodzi\u0142y si\u0119 nowe relacje polsko-\u017cydowskie i katolicko-\u017cydowskie. Krak\u00f3w jest miastem symbolem dla ca\u0142ej Polski i tej cz\u0119\u015bci Europy i Europy w og\u00f3le\u201d.<\/p>\n<p>Po zako\u0144czeniu rozm\u00f3w ministrowie spotkali si\u0119 z uczniami z Istituto Istruzione Superiore \u201eGIOVANNI BERTACCHI\u201d w Lecco i IV Liceum Og\u00f3lnokszta\u0142c\u0105cego im. Tadeusza Ko\u015bciuszki w Krakowie, kt\u00f3rzy wzi\u0119li udzia\u0142 w pokazie filmu w technologii VR pt. \u201eKartka z Powstania\u201d.<\/p>\n<p>jp<\/p>\n","protected":false},"excerpt":{"rendered":"<p>Wymiana do\u015bwiadcze\u0144, wsp\u00f3\u0142praca polskich i w\u0142oskich uniwersytet\u00f3w, przyjmowanie do szk\u00f3\u0142 dzieci z Ukrainy, sytuacja uczni\u00f3w w polskich szko\u0142ach we W\u0142oszech to g\u0142\u00f3wne tematy rozm\u00f3w ministra edukacji i nauki Przemys\u0142awa Czarnka z ministrem edukacji i zas\u0142ug Republiki W\u0142och Giuseppe Valditarem, kt\u00f3re odby\u0142y si\u0119 w Krakowie. To tutaj w Krakowie, na prze\u0142omie XIV i XV w., powsta\u0142 [&hellip;]<\/p>\n","protected":false},"author":6,"featured_media":260320,"comment_status":"closed","ping_status":"closed","sticky":false,"template":"","format":"standard","meta":[],"categories":[22],"tags":[],"_links":{"self":[{"href":"https:\/\/www.polishscience.pl\/pl\/wp-json\/wp\/v2\/posts\/260292"}],"collection":[{"href":"https:\/\/www.polishscience.pl\/pl\/wp-json\/wp\/v2\/posts"}],"about":[{"href":"https:\/\/www.polishscience.pl\/pl\/wp-json\/wp\/v2\/types\/post"}],"author":[{"embeddable":true,"href":"https:\/\/www.polishscience.pl\/pl\/wp-json\/wp\/v2\/users\/6"}],"replies":[{"embeddable":true,"href":"https:\/\/www.polishscience.pl\/pl\/wp-json\/wp\/v2\/comments?post=260292"}],"version-history":[{"count":1,"href":"https:\/\/www.polishscience.pl\/pl\/wp-json\/wp\/v2\/posts\/260292\/revisions"}],"predecessor-version":[{"id":260329,"href":"https:\/\/www.polishscience.pl\/pl\/wp-json\/wp\/v2\/posts\/260292\/revisions\/260329"}],"wp:featuredmedia":[{"embeddable":true,"href":"https:\/\/www.polishscience.pl\/pl\/wp-json\/wp\/v2\/media\/260320"}],"wp:attachment":[{"href":"https:\/\/www.polishscience.pl\/pl\/wp-json\/wp\/v2\/media?parent=260292"}],"wp:term":[{"taxonomy":"category","embeddable":true,"href":"https:\/\/www.polishscience.pl\/pl\/wp-json\/wp\/v2\/categories?post=260292"},{"taxonomy":"post_tag","embeddable":true,"href":"https:\/\/www.polishscience.pl\/pl\/wp-json\/wp\/v2\/tags?post=260292"}],"curies":[{"name":"wp","href":"https:\/\/api.w.org\/{rel}","templated":true}]}}