{"id":260063,"date":"2023-01-12T10:32:58","date_gmt":"2023-01-12T09:32:58","guid":{"rendered":"https:\/\/polishscience.pl\/?p=260063"},"modified":"2023-01-12T10:32:58","modified_gmt":"2023-01-12T09:32:58","slug":"miasto-i-gmina-wieliczka-zorganizuje-konferencje-naukowa-wspolnie-z-uniwersytetem-ekonomicznym-w-krakowie","status":"publish","type":"post","link":"https:\/\/www.polishscience.pl\/pl\/miasto-i-gmina-wieliczka-zorganizuje-konferencje-naukowa-wspolnie-z-uniwersytetem-ekonomicznym-w-krakowie\/","title":{"rendered":"Miasto i Gmina Wieliczka zorganizuje konferencj\u0119 naukow\u0105 wsp\u00f3lnie z Uniwersytetem Ekonomicznym w Krakowie"},"content":{"rendered":"<p><b>Burmistrz Miasta i Gminy Wieliczka, dr Artur Kozio\u0142 podpisa\u0142 z rektorem Uniwersytetu Ekonomicznego w Krakowie (UEK) dr hab. Stanis\u0142awem Mazurem, prof. UEK, porozumienie dotycz\u0105ce wsp\u00f3lnej organizacji konferencji naukowej \u201eSamorz\u0105d 6.0. Rozw\u00f3j spo\u0142eczny, Us\u0142ugi gospodarcze, Nowoczesne finanse\u201d kt\u00f3ra odb\u0119dzie si\u0119 w Wieliczce w czerwcu 2023 roku.<\/b><\/p>\n<p><span style=\"font-weight: 400;\">Podpisane porozumienie zak\u0142ada, \u017ce UEK w ramach planowanej wsp\u00f3\u0142pracy b\u0119dzie pomaga\u0107 przy tworzeniu planu konferencji, a tak\u017ce udzieli merytorycznego wsparcia przy realizacji paneli dyskusyjnych podczas wydarzenia.<\/span><\/p>\n<p><span style=\"font-weight: 400;\">Ciesz\u0119 si\u0119, \u017ce jako Uniwersytet Ekonomiczny w Krakowie rozwijamy i pog\u0142\u0119biamy wsp\u00f3\u0142prac\u0119 nie tylko z sektorem biznesowym, ale tak\u017ce samorz\u0105dem lokalnym. Miasto i Gmina Wieliczka to pi\u0119kne miejsce z olbrzymim potencja\u0142em. Jestem pewien, \u017ce zainicjowana dzi\u015b wsp\u00f3\u0142praca b\u0119dzie kontynuowana, przynosz\u0105c kolejne godne uwagi inicjatywy &#8211; powiedzia\u0142 rektor UEK dr hab. Stanis\u0142aw Mazur, prof UEK.<\/span><\/p>\n<p><span style=\"font-weight: 400;\">jp<\/span><\/p>\n","protected":false},"excerpt":{"rendered":"<p>Burmistrz Miasta i Gminy Wieliczka, dr Artur Kozio\u0142 podpisa\u0142 z rektorem Uniwersytetu Ekonomicznego w Krakowie (UEK) dr hab. Stanis\u0142awem Mazurem, prof. UEK, porozumienie dotycz\u0105ce wsp\u00f3lnej organizacji konferencji naukowej \u201eSamorz\u0105d 6.0. Rozw\u00f3j spo\u0142eczny, Us\u0142ugi gospodarcze, Nowoczesne finanse\u201d kt\u00f3ra odb\u0119dzie si\u0119 w Wieliczce w czerwcu 2023 roku. Podpisane porozumienie zak\u0142ada, \u017ce UEK w ramach planowanej wsp\u00f3\u0142pracy b\u0119dzie [&hellip;]<\/p>\n","protected":false},"author":6,"featured_media":260109,"comment_status":"closed","ping_status":"closed","sticky":false,"template":"","format":"standard","meta":[],"categories":[22],"tags":[],"_links":{"self":[{"href":"https:\/\/www.polishscience.pl\/pl\/wp-json\/wp\/v2\/posts\/260063"}],"collection":[{"href":"https:\/\/www.polishscience.pl\/pl\/wp-json\/wp\/v2\/posts"}],"about":[{"href":"https:\/\/www.polishscience.pl\/pl\/wp-json\/wp\/v2\/types\/post"}],"author":[{"embeddable":true,"href":"https:\/\/www.polishscience.pl\/pl\/wp-json\/wp\/v2\/users\/6"}],"replies":[{"embeddable":true,"href":"https:\/\/www.polishscience.pl\/pl\/wp-json\/wp\/v2\/comments?post=260063"}],"version-history":[{"count":1,"href":"https:\/\/www.polishscience.pl\/pl\/wp-json\/wp\/v2\/posts\/260063\/revisions"}],"predecessor-version":[{"id":260118,"href":"https:\/\/www.polishscience.pl\/pl\/wp-json\/wp\/v2\/posts\/260063\/revisions\/260118"}],"wp:featuredmedia":[{"embeddable":true,"href":"https:\/\/www.polishscience.pl\/pl\/wp-json\/wp\/v2\/media\/260109"}],"wp:attachment":[{"href":"https:\/\/www.polishscience.pl\/pl\/wp-json\/wp\/v2\/media?parent=260063"}],"wp:term":[{"taxonomy":"category","embeddable":true,"href":"https:\/\/www.polishscience.pl\/pl\/wp-json\/wp\/v2\/categories?post=260063"},{"taxonomy":"post_tag","embeddable":true,"href":"https:\/\/www.polishscience.pl\/pl\/wp-json\/wp\/v2\/tags?post=260063"}],"curies":[{"name":"wp","href":"https:\/\/api.w.org\/{rel}","templated":true}]}}