{"id":259704,"date":"2023-01-11T10:18:47","date_gmt":"2023-01-11T09:18:47","guid":{"rendered":"https:\/\/polishscience.pl\/?p=259704"},"modified":"2023-01-11T10:18:47","modified_gmt":"2023-01-11T09:18:47","slug":"konferencja-naukowa-w-60-lecie-krajowego-festiwalu-polskiej-piosenki-w-opolu","status":"publish","type":"post","link":"https:\/\/www.polishscience.pl\/pl\/konferencja-naukowa-w-60-lecie-krajowego-festiwalu-polskiej-piosenki-w-opolu\/","title":{"rendered":"Konferencja naukowa w 60-lecie Krajowego Festiwalu Polskiej Piosenki w Opolu\u00a0"},"content":{"rendered":"<p><b>Muzeum Polskiej Piosenki w Opolu oraz Muzykologia Uniwersytetu Opolskiego zapraszaj\u0105 16 i 17 maja na og\u00f3lnopolsk\u0105 interdyscyplinarn\u0105 konferencj\u0119 naukow\u0105 \u201e60 lat Krajowego Festiwalu Polskiej Piosenki w Opolu. Muzyka. S\u0142owa. Konteksty\u201d.<\/b><\/p>\n<p>Krajowy Festiwal Polskiej Piosenki (KFPP) w ci\u0105gu ostatnich sze\u015bciu dekad wpisa\u0142 si\u0119 w pejza\u017c polskiej kultury. W \u015bwiadomo\u015bci wielu ludzi utrwali\u0142y si\u0119 przeboje, arty\u015bci i niezapomniane koncerty. Sze\u015b\u0107dziesi\u0105ta rocznica KFPP w Opolu stanowi doskona\u0142\u0105 okazj\u0119 do pochylenia si\u0119 nad jego historyczn\u0105 spu\u015bcizn\u0105 i tera\u017aniejszo\u015bci\u0105 \u2013 informuj\u0105 organizatorzy.<\/p>\n<p>Konferencja \u201e60 lat Krajowego Festiwalu Polskiej Piosenki w Opolu. Muzyka. S\u0142owa. Konteksty\u201d b\u0119dzie doskona\u0142ym miejscem na akademick\u0105 dyskusj\u0119 o tym wydarzeniu. Do udzia\u0142u organizatorzy zapraszaj\u0105 kulturoznawc\u00f3w, muzykolog\u00f3w, antropolog\u00f3w, socjolog\u00f3w, medioznawc\u00f3w, literaturoznawc\u00f3w, j\u0119zykoznawc\u00f3w oraz badaczy innych dziedzin zainteresowanych tematem.<\/p>\n<p>Wi\u0119cej: <a href=\"https:\/\/muzeumpiosenki.pl\/aktualnosci\/aktualnosc_907.html?fromsearch\">https:\/\/muzeumpiosenki.pl\/aktualnosci\/aktualnosc_907.html?fromsearch<\/a><\/p>\n<p>&nbsp;<\/p>\n<p>jsz<\/p>\n","protected":false},"excerpt":{"rendered":"<p>Muzeum Polskiej Piosenki w Opolu oraz Muzykologia Uniwersytetu Opolskiego zapraszaj\u0105 16 i 17 maja na og\u00f3lnopolsk\u0105 interdyscyplinarn\u0105 konferencj\u0119 naukow\u0105 \u201e60 lat Krajowego Festiwalu Polskiej Piosenki w Opolu. Muzyka. S\u0142owa. Konteksty\u201d. Krajowy Festiwal Polskiej Piosenki (KFPP) w ci\u0105gu ostatnich sze\u015bciu dekad wpisa\u0142 si\u0119 w pejza\u017c polskiej kultury. W \u015bwiadomo\u015bci wielu ludzi utrwali\u0142y si\u0119 przeboje, arty\u015bci i [&hellip;]<\/p>\n","protected":false},"author":6,"featured_media":259795,"comment_status":"closed","ping_status":"closed","sticky":false,"template":"","format":"standard","meta":[],"categories":[22],"tags":[],"_links":{"self":[{"href":"https:\/\/www.polishscience.pl\/pl\/wp-json\/wp\/v2\/posts\/259704"}],"collection":[{"href":"https:\/\/www.polishscience.pl\/pl\/wp-json\/wp\/v2\/posts"}],"about":[{"href":"https:\/\/www.polishscience.pl\/pl\/wp-json\/wp\/v2\/types\/post"}],"author":[{"embeddable":true,"href":"https:\/\/www.polishscience.pl\/pl\/wp-json\/wp\/v2\/users\/6"}],"replies":[{"embeddable":true,"href":"https:\/\/www.polishscience.pl\/pl\/wp-json\/wp\/v2\/comments?post=259704"}],"version-history":[{"count":1,"href":"https:\/\/www.polishscience.pl\/pl\/wp-json\/wp\/v2\/posts\/259704\/revisions"}],"predecessor-version":[{"id":259804,"href":"https:\/\/www.polishscience.pl\/pl\/wp-json\/wp\/v2\/posts\/259704\/revisions\/259804"}],"wp:featuredmedia":[{"embeddable":true,"href":"https:\/\/www.polishscience.pl\/pl\/wp-json\/wp\/v2\/media\/259795"}],"wp:attachment":[{"href":"https:\/\/www.polishscience.pl\/pl\/wp-json\/wp\/v2\/media?parent=259704"}],"wp:term":[{"taxonomy":"category","embeddable":true,"href":"https:\/\/www.polishscience.pl\/pl\/wp-json\/wp\/v2\/categories?post=259704"},{"taxonomy":"post_tag","embeddable":true,"href":"https:\/\/www.polishscience.pl\/pl\/wp-json\/wp\/v2\/tags?post=259704"}],"curies":[{"name":"wp","href":"https:\/\/api.w.org\/{rel}","templated":true}]}}