{"id":259696,"date":"2023-01-11T10:12:21","date_gmt":"2023-01-11T09:12:21","guid":{"rendered":"https:\/\/polishscience.pl\/?p=259696"},"modified":"2023-01-11T10:12:21","modified_gmt":"2023-01-11T09:12:21","slug":"w-paryzu-otwarcie-biura-studium-kul-dla-polonii-i-polakow-za-granica","status":"publish","type":"post","link":"https:\/\/www.polishscience.pl\/pl\/w-paryzu-otwarcie-biura-studium-kul-dla-polonii-i-polakow-za-granica\/","title":{"rendered":"W Pary\u017cu otwarcie Biura Studium KUL dla Polonii i Polak\u00f3w za granic\u0105"},"content":{"rendered":"<p><b>Katolicki Uniwersytet Lubelski (KUL) oraz Polska Misja Katolicka we Francji zapraszaj\u0105 do udzia\u0142u\u00a0w uroczystym otwarciu Biura Studium KUL dla Polonii i Polak\u00f3w\u00a0za granic\u0105\u00a0w Seminarium Polskim w Pary\u017cu, kt\u00f3re odb\u0119dzie si\u0119\u00a0w sobot\u0119 14 stycznia 2023. Wydarzeniu b\u0119dzie towarzyszy\u0107\u00a0konferencja \u201eNowoczesny patriotyzm, jak promowa\u0107 warto\u015bci w dzisiejszym \u015bwiecie. Wsp\u00f3\u0142czesne wyzwania komunikacyjne, nowe media i technologie\u201d.<\/b><\/p>\n<p>W wydarzeniu wezm\u0105 udzia\u0142 m.in. bp Piotr Turzy\u0144ski, Delegat Konferencji Episkopatu Polski ds. Duszpasterstwa Emigracji Polskiej oraz ks. prof. dr hab. Miros\u0142aw Kalinowski, Rektor KUL.<\/p>\n<p>Do zada\u0144 otwieranego Biura Studium KUL b\u0119dzie nale\u017ca\u0142a m.in. organizacja zaj\u0119\u0107 stacjonarnych w ramach kurs\u00f3w, szkole\u0144 i studi\u00f3w podyplomowych oraz konferencji, sympozj\u00f3w, debat tematycznych, kurs\u00f3w i zaj\u0119\u0107 z j\u0119zyka polskiego i podnosz\u0105cych kwalifikacje np. dla nauczycieli szk\u00f3\u0142 polskich. Biuro b\u0119dzie te\u017c miejscem zaj\u0119\u0107 i spotka\u0144 dla dzieci i m\u0142odzie\u017cy polonijnej.<\/p>\n<p>jp<\/p>\n","protected":false},"excerpt":{"rendered":"<p>Katolicki Uniwersytet Lubelski (KUL) oraz Polska Misja Katolicka we Francji zapraszaj\u0105 do udzia\u0142u\u00a0w uroczystym otwarciu Biura Studium KUL dla Polonii i Polak\u00f3w\u00a0za granic\u0105\u00a0w Seminarium Polskim w Pary\u017cu, kt\u00f3re odb\u0119dzie si\u0119\u00a0w sobot\u0119 14 stycznia 2023. Wydarzeniu b\u0119dzie towarzyszy\u0107\u00a0konferencja \u201eNowoczesny patriotyzm, jak promowa\u0107 warto\u015bci w dzisiejszym \u015bwiecie. Wsp\u00f3\u0142czesne wyzwania komunikacyjne, nowe media i technologie\u201d. W wydarzeniu wezm\u0105 [&hellip;]<\/p>\n","protected":false},"author":6,"featured_media":259715,"comment_status":"closed","ping_status":"closed","sticky":false,"template":"","format":"standard","meta":[],"categories":[22],"tags":[],"_links":{"self":[{"href":"https:\/\/www.polishscience.pl\/pl\/wp-json\/wp\/v2\/posts\/259696"}],"collection":[{"href":"https:\/\/www.polishscience.pl\/pl\/wp-json\/wp\/v2\/posts"}],"about":[{"href":"https:\/\/www.polishscience.pl\/pl\/wp-json\/wp\/v2\/types\/post"}],"author":[{"embeddable":true,"href":"https:\/\/www.polishscience.pl\/pl\/wp-json\/wp\/v2\/users\/6"}],"replies":[{"embeddable":true,"href":"https:\/\/www.polishscience.pl\/pl\/wp-json\/wp\/v2\/comments?post=259696"}],"version-history":[{"count":1,"href":"https:\/\/www.polishscience.pl\/pl\/wp-json\/wp\/v2\/posts\/259696\/revisions"}],"predecessor-version":[{"id":259724,"href":"https:\/\/www.polishscience.pl\/pl\/wp-json\/wp\/v2\/posts\/259696\/revisions\/259724"}],"wp:featuredmedia":[{"embeddable":true,"href":"https:\/\/www.polishscience.pl\/pl\/wp-json\/wp\/v2\/media\/259715"}],"wp:attachment":[{"href":"https:\/\/www.polishscience.pl\/pl\/wp-json\/wp\/v2\/media?parent=259696"}],"wp:term":[{"taxonomy":"category","embeddable":true,"href":"https:\/\/www.polishscience.pl\/pl\/wp-json\/wp\/v2\/categories?post=259696"},{"taxonomy":"post_tag","embeddable":true,"href":"https:\/\/www.polishscience.pl\/pl\/wp-json\/wp\/v2\/tags?post=259696"}],"curies":[{"name":"wp","href":"https:\/\/api.w.org\/{rel}","templated":true}]}}