{"id":259401,"date":"2023-01-10T10:02:31","date_gmt":"2023-01-10T09:02:31","guid":{"rendered":"https:\/\/polishscience.pl\/?p=259401"},"modified":"2023-01-10T10:02:31","modified_gmt":"2023-01-10T09:02:31","slug":"konferencja-nowelizacja-kodeksu-pracy-ocena-regulacji-i-jej-skutki-na-akademii-wsb-w-dabrowie-gorniczej","status":"publish","type":"post","link":"https:\/\/www.polishscience.pl\/pl\/konferencja-nowelizacja-kodeksu-pracy-ocena-regulacji-i-jej-skutki-na-akademii-wsb-w-dabrowie-gorniczej\/","title":{"rendered":"Konferencja \u201eNowelizacja Kodeksu pracy \u2013 ocena regulacji i jej skutki\u201d na Akademii WSB w D\u0105browie G\u00f3rniczej"},"content":{"rendered":"<p><b>Katedra Prawa i Administracji Akademii WSB w D\u0105browie G\u00f3rniczej zaprasza 1 lutego na konferencj\u0119 naukow\u0105 \u201eNowelizacja Kodeksu pracy \u2013 ocena regulacji i jej skutki\u201d. W konferencji udzia\u0142 wezm\u0105 specjali\u015bci z obszaru prawa pracy, ochrony danych osobowych i bezpiecze\u0144stwa informacji oraz prawa przedsi\u0119biorc\u00f3w.<\/b><\/p>\n<p><span style=\"font-weight: 400;\">Konferencja po\u015bwi\u0119cona b\u0119dzie zagadnieniom zwi\u0105zanym z nowelizacj\u0105 Kodeksu pracy, jakie maj\u0105 zacz\u0105\u0107 obowi\u0105zywa\u0107 w 2023r. Projektowane zmiany b\u0119d\u0105 mia\u0142y istotne znaczenie \u2013 zar\u00f3wno dla pracodawcy jak i pracownika. Nowelizacja, uzasadniona jest r\u00f3wnie\u017c konieczno\u015bci\u0105 implementacji dyrektyw UE, w tym dyrektywy work-life balance \u2013 czytamy w zaproszeniu.<\/span><\/p>\n<p><span style=\"font-weight: 400;\">W ramach konferencji, analizowane b\u0119dzie te\u017c zagadnienie pracy zdalnej, kt\u00f3ra przyj\u0119\u0142a si\u0119 w polskim porz\u0105dku prawnym jako rozwi\u0105zanie tymczasowe, wprowadzone tzw. ustaw\u0105 covidow\u0105. Obecnie ustawodawca planuje wprowadzi\u0107 te rozwi\u0105zania ju\u017c na sta\u0142e do Kodeksu pracy.\u00a0<\/span><\/p>\n<p><span style=\"font-weight: 400;\">Wi\u0119cej: <\/span><a href=\"https:\/\/wsb.edu.pl\/uczelnia\/aktualnosci\/konferencja-naukowa-nowelizacja-kodeksu-pracy-ocena-regulacji-i-jej-skutki-2.html\"><span style=\"font-weight: 400;\">https:\/\/wsb.edu.pl\/uczelnia\/aktualnosci\/konferencja-naukowa-nowelizacja-kodeksu-pracy-ocena-regulacji-i-jej-skutki-2.html<\/span><\/a><\/p>\n<p>&nbsp;<\/p>\n<p><span style=\"font-weight: 400;\">jsz\u00a0<\/span><\/p>\n","protected":false},"excerpt":{"rendered":"<p>Katedra Prawa i Administracji Akademii WSB w D\u0105browie G\u00f3rniczej zaprasza 1 lutego na konferencj\u0119 naukow\u0105 \u201eNowelizacja Kodeksu pracy \u2013 ocena regulacji i jej skutki\u201d. W konferencji udzia\u0142 wezm\u0105 specjali\u015bci z obszaru prawa pracy, ochrony danych osobowych i bezpiecze\u0144stwa informacji oraz prawa przedsi\u0119biorc\u00f3w. Konferencja po\u015bwi\u0119cona b\u0119dzie zagadnieniom zwi\u0105zanym z nowelizacj\u0105 Kodeksu pracy, jakie maj\u0105 zacz\u0105\u0107 obowi\u0105zywa\u0107 [&hellip;]<\/p>\n","protected":false},"author":6,"featured_media":259465,"comment_status":"closed","ping_status":"closed","sticky":false,"template":"","format":"standard","meta":[],"categories":[22],"tags":[],"_links":{"self":[{"href":"https:\/\/www.polishscience.pl\/pl\/wp-json\/wp\/v2\/posts\/259401"}],"collection":[{"href":"https:\/\/www.polishscience.pl\/pl\/wp-json\/wp\/v2\/posts"}],"about":[{"href":"https:\/\/www.polishscience.pl\/pl\/wp-json\/wp\/v2\/types\/post"}],"author":[{"embeddable":true,"href":"https:\/\/www.polishscience.pl\/pl\/wp-json\/wp\/v2\/users\/6"}],"replies":[{"embeddable":true,"href":"https:\/\/www.polishscience.pl\/pl\/wp-json\/wp\/v2\/comments?post=259401"}],"version-history":[{"count":1,"href":"https:\/\/www.polishscience.pl\/pl\/wp-json\/wp\/v2\/posts\/259401\/revisions"}],"predecessor-version":[{"id":259474,"href":"https:\/\/www.polishscience.pl\/pl\/wp-json\/wp\/v2\/posts\/259401\/revisions\/259474"}],"wp:featuredmedia":[{"embeddable":true,"href":"https:\/\/www.polishscience.pl\/pl\/wp-json\/wp\/v2\/media\/259465"}],"wp:attachment":[{"href":"https:\/\/www.polishscience.pl\/pl\/wp-json\/wp\/v2\/media?parent=259401"}],"wp:term":[{"taxonomy":"category","embeddable":true,"href":"https:\/\/www.polishscience.pl\/pl\/wp-json\/wp\/v2\/categories?post=259401"},{"taxonomy":"post_tag","embeddable":true,"href":"https:\/\/www.polishscience.pl\/pl\/wp-json\/wp\/v2\/tags?post=259401"}],"curies":[{"name":"wp","href":"https:\/\/api.w.org\/{rel}","templated":true}]}}