{"id":257570,"date":"2022-12-29T09:52:23","date_gmt":"2022-12-29T08:52:23","guid":{"rendered":"https:\/\/polishscience.pl\/?p=257570"},"modified":"2022-12-29T09:52:23","modified_gmt":"2022-12-29T08:52:23","slug":"na-terenie-miasteczka-studenckiego-agh-powstania-wioska-dla-zawodnikow-igrzysk-europejskich-2023","status":"publish","type":"post","link":"https:\/\/www.polishscience.pl\/pl\/na-terenie-miasteczka-studenckiego-agh-powstania-wioska-dla-zawodnikow-igrzysk-europejskich-2023\/","title":{"rendered":"Na terenie Miasteczka Studenckiego AGH powstania wioska dla zawodnik\u00f3w Igrzysk Europejskich 2023"},"content":{"rendered":"<p><b>Akademia G\u00f3rniczo-Hutnicza (AGH) w Krakowie podpisa\u0142a ze sp\u00f3\u0142k\u0105 Igrzyska Europejskie 2023 umow\u0119, na mocy kt\u00f3rej mo\u017cliwe b\u0119dzie zorganizowanie na terenie uczelni wioski zawodniczej dla sportowc\u00f3w bior\u0105cych udzia\u0142 w przysz\u0142orocznych igrzyskach.<\/b><\/p>\n<p><span style=\"font-weight: 400;\">III Igrzyska Europejskie Krak\u00f3w \u2013 Ma\u0142opolska 2023 rozpoczn\u0105 si\u0119 ju\u017c 21 czerwca i potrwaj\u0105 do 2 lipca. Przez 12 dni najlepsi sportowcy ze Starego Kontynentu b\u0119d\u0105 walczy\u0107 o medale samych igrzysk, ale tak\u017ce o olimpijskie kwalifikacje w 19 dyscyplinach. Cz\u0119\u015b\u0107 zawod\u00f3w b\u0119dzie mie\u0107 rang\u0119 mistrzostw Europy.<\/span><\/p>\n<p><span style=\"font-weight: 400;\">W Igrzyskach Europejskich planowany jest udzia\u0142 oko\u0142o 7000 sportowc\u00f3w. Spora cz\u0119\u015b\u0107 z nich b\u0119dzie rywalizowa\u0107 w Krakowie i najbli\u017cszych okolicach. To w\u0142a\u015bnie dla nich przygotowywana jest wioska zawodnicza na terenach Miasteczka Studenckiego AGH.\u00a0<\/span><\/p>\n<p><span style=\"font-weight: 400;\">Miasteczko Studenckie AGH w Krakowie jest w\u0142a\u015bciwie jedynym dost\u0119pnym obiektem, kt\u00f3ry spe\u0142nia wymagania niezb\u0119dne do sprawnego przeprowadzenia tak du\u017cego wydarzenia, jakim s\u0105 Igrzyska Europejskie, w tym do zlokalizowania wioski zawodniczej \u2013 podkre\u015bli\u0142 rektor AGH prof. Jerzy Lis.<\/span><\/p>\n<p><span style=\"font-weight: 400;\">jp\u00a0<\/span><\/p>\n","protected":false},"excerpt":{"rendered":"<p>Akademia G\u00f3rniczo-Hutnicza (AGH) w Krakowie podpisa\u0142a ze sp\u00f3\u0142k\u0105 Igrzyska Europejskie 2023 umow\u0119, na mocy kt\u00f3rej mo\u017cliwe b\u0119dzie zorganizowanie na terenie uczelni wioski zawodniczej dla sportowc\u00f3w bior\u0105cych udzia\u0142 w przysz\u0142orocznych igrzyskach. III Igrzyska Europejskie Krak\u00f3w \u2013 Ma\u0142opolska 2023 rozpoczn\u0105 si\u0119 ju\u017c 21 czerwca i potrwaj\u0105 do 2 lipca. Przez 12 dni najlepsi sportowcy ze Starego Kontynentu [&hellip;]<\/p>\n","protected":false},"author":6,"featured_media":257606,"comment_status":"closed","ping_status":"closed","sticky":false,"template":"","format":"standard","meta":[],"categories":[22],"tags":[],"_links":{"self":[{"href":"https:\/\/www.polishscience.pl\/pl\/wp-json\/wp\/v2\/posts\/257570"}],"collection":[{"href":"https:\/\/www.polishscience.pl\/pl\/wp-json\/wp\/v2\/posts"}],"about":[{"href":"https:\/\/www.polishscience.pl\/pl\/wp-json\/wp\/v2\/types\/post"}],"author":[{"embeddable":true,"href":"https:\/\/www.polishscience.pl\/pl\/wp-json\/wp\/v2\/users\/6"}],"replies":[{"embeddable":true,"href":"https:\/\/www.polishscience.pl\/pl\/wp-json\/wp\/v2\/comments?post=257570"}],"version-history":[{"count":0,"href":"https:\/\/www.polishscience.pl\/pl\/wp-json\/wp\/v2\/posts\/257570\/revisions"}],"wp:featuredmedia":[{"embeddable":true,"href":"https:\/\/www.polishscience.pl\/pl\/wp-json\/wp\/v2\/media\/257606"}],"wp:attachment":[{"href":"https:\/\/www.polishscience.pl\/pl\/wp-json\/wp\/v2\/media?parent=257570"}],"wp:term":[{"taxonomy":"category","embeddable":true,"href":"https:\/\/www.polishscience.pl\/pl\/wp-json\/wp\/v2\/categories?post=257570"},{"taxonomy":"post_tag","embeddable":true,"href":"https:\/\/www.polishscience.pl\/pl\/wp-json\/wp\/v2\/tags?post=257570"}],"curies":[{"name":"wp","href":"https:\/\/api.w.org\/{rel}","templated":true}]}}