{"id":256821,"date":"2022-12-23T09:06:12","date_gmt":"2022-12-23T08:06:12","guid":{"rendered":"https:\/\/polishscience.pl\/?p=256821"},"modified":"2022-12-23T09:06:12","modified_gmt":"2022-12-23T08:06:12","slug":"centrum-badan-nad-kultura-warszawy-uniwersytetu-warszawskiego-przygotowalo-wystawe-francuzi-w-warszawie","status":"publish","type":"post","link":"https:\/\/www.polishscience.pl\/pl\/centrum-badan-nad-kultura-warszawy-uniwersytetu-warszawskiego-przygotowalo-wystawe-francuzi-w-warszawie\/","title":{"rendered":"Centrum Bada\u0144 nad Kultur\u0105 Warszawy Uniwersytetu Warszawskiego przygotowa\u0142o wystaw\u0119 \u201eFrancuzi w Warszawie\u201d"},"content":{"rendered":"<p><b>W Ambasadzie Francji w Warszawie mo\u017cna obejrze\u0107 wystaw\u0119 \u201eLes Fran\u00e7ais \u00e0 Varsovie\u201d (\u201eFrancuzi w Warszawie\u201d) przygotowan\u0105 przez Centrum Bada\u0144 nad Kultur\u0105 Warszawy Uniwersytetu Warszawskiego (UW). Ekspozycja dotyczy zwi\u0105zk\u00f3w spo\u0142ecznych i kulturowych Francji oraz Polski od czas\u00f3w najdawniejszych po wsp\u00f3\u0142czesne.\u00a0<\/b><\/p>\n<p>Wystawa pokazuje miejsca, takie jak m.in. ko\u015bcio\u0142y, cmentarze, instytucje, a tak\u017ce dzie\u0142a kultury zwi\u0105zane z kultur\u0105 francusk\u0105 w Warszawie pocz\u0105wszy od czas\u00f3w najdawniejszych po wsp\u00f3\u0142czesno\u015b\u0107. Zaprezentowano te\u017c, z r\u00f3\u017cnej perspektywy, procesy zwi\u0105zane z przesiedleniem i asymilacj\u0105 Francuz\u00f3w w stolicy Polski.<\/p>\n<p>Wystawa obj\u0119ta jest honorowym patronatem\u00a0Fr\u00e9d\u00e9rica Billeta, ambasadora Francji w Polsce i stanowi element projektu \u201eWielokulturowo\u015b\u0107 dawnej i wsp\u00f3\u0142czesnej Warszawy\u201d, kt\u00f3rego celem jest ukazanie multikulturowego oblicza stolicy na przestrzeni wiek\u00f3w oraz przedstawienie proces\u00f3w asymilacji i osiedlania miasta przez ludno\u015b\u0107 innej narodowo\u015bci jak W\u0142och\u00f3w, Francuz\u00f3w, Ormian, Ukrai\u0144c\u00f3w, Szwed\u00f3w, Norweg\u00f3w, czy Japo\u0144czyk\u00f3w.<\/p>\n<p>jp<\/p>\n","protected":false},"excerpt":{"rendered":"<p>W Ambasadzie Francji w Warszawie mo\u017cna obejrze\u0107 wystaw\u0119 \u201eLes Fran\u00e7ais \u00e0 Varsovie\u201d (\u201eFrancuzi w Warszawie\u201d) przygotowan\u0105 przez Centrum Bada\u0144 nad Kultur\u0105 Warszawy Uniwersytetu Warszawskiego (UW). Ekspozycja dotyczy zwi\u0105zk\u00f3w spo\u0142ecznych i kulturowych Francji oraz Polski od czas\u00f3w najdawniejszych po wsp\u00f3\u0142czesne.\u00a0 Wystawa pokazuje miejsca, takie jak m.in. ko\u015bcio\u0142y, cmentarze, instytucje, a tak\u017ce dzie\u0142a kultury zwi\u0105zane z kultur\u0105 [&hellip;]<\/p>\n","protected":false},"author":6,"featured_media":256838,"comment_status":"closed","ping_status":"closed","sticky":false,"template":"","format":"standard","meta":[],"categories":[22],"tags":[],"_links":{"self":[{"href":"https:\/\/www.polishscience.pl\/pl\/wp-json\/wp\/v2\/posts\/256821"}],"collection":[{"href":"https:\/\/www.polishscience.pl\/pl\/wp-json\/wp\/v2\/posts"}],"about":[{"href":"https:\/\/www.polishscience.pl\/pl\/wp-json\/wp\/v2\/types\/post"}],"author":[{"embeddable":true,"href":"https:\/\/www.polishscience.pl\/pl\/wp-json\/wp\/v2\/users\/6"}],"replies":[{"embeddable":true,"href":"https:\/\/www.polishscience.pl\/pl\/wp-json\/wp\/v2\/comments?post=256821"}],"version-history":[{"count":0,"href":"https:\/\/www.polishscience.pl\/pl\/wp-json\/wp\/v2\/posts\/256821\/revisions"}],"wp:featuredmedia":[{"embeddable":true,"href":"https:\/\/www.polishscience.pl\/pl\/wp-json\/wp\/v2\/media\/256838"}],"wp:attachment":[{"href":"https:\/\/www.polishscience.pl\/pl\/wp-json\/wp\/v2\/media?parent=256821"}],"wp:term":[{"taxonomy":"category","embeddable":true,"href":"https:\/\/www.polishscience.pl\/pl\/wp-json\/wp\/v2\/categories?post=256821"},{"taxonomy":"post_tag","embeddable":true,"href":"https:\/\/www.polishscience.pl\/pl\/wp-json\/wp\/v2\/tags?post=256821"}],"curies":[{"name":"wp","href":"https:\/\/api.w.org\/{rel}","templated":true}]}}