{"id":255285,"date":"2022-12-15T09:44:31","date_gmt":"2022-12-15T08:44:31","guid":{"rendered":"https:\/\/polishscience.pl\/?p=255285"},"modified":"2022-12-15T09:44:31","modified_gmt":"2022-12-15T08:44:31","slug":"badaczka-z-uniwersytetu-lodzkiego-chce-zrekonstruowac-zmiany-klimatyczne-w-polsce-na-przelomie-plejstocenu-i-holocenu","status":"publish","type":"post","link":"https:\/\/www.polishscience.pl\/pl\/badaczka-z-uniwersytetu-lodzkiego-chce-zrekonstruowac-zmiany-klimatyczne-w-polsce-na-przelomie-plejstocenu-i-holocenu\/","title":{"rendered":"Badaczka z Uniwersytetu \u0141\u00f3dzkiego chce zrekonstruowa\u0107 zmiany klimatyczne w Polsce na prze\u0142omie plejstocenu i holocenu"},"content":{"rendered":"<p><b>W ramach Doktoranckich Grant\u00f3w Badawczych Uniwersytetu \u0141\u00f3dzkiego (U\u0141)\u00a0 mgr Marta Rudna sprawdza histori\u0119 przemian geograficznych i biologicznych kszta\u0142tuj\u0105cych miejsce, w kt\u00f3rym \u017cyjemy, na przestrzeni 2000 lat \u2013 poinformowa\u0142 na Twitterze Pawe\u0142 \u015apiechowicz, rzecznik prasowy U\u0141.<\/b><\/p>\n<p><span style=\"font-weight: 400;\">Marta Rudna podczas doktoratu realizowanego na U\u0141 skupia si\u0119 na rekonstrukcji gwa\u0142townych zmian klimatycznych w\u00a0centralnej Polsce na prze\u0142omie plejstocenu i\u00a0holocenu.\u00a0<\/span><\/p>\n<p><span style=\"font-weight: 400;\">W\u00a0tym celu przeanalizuje szcz\u0105tki wio\u015blarek (mikroskopijnych skorupiak\u00f3w \u017cyj\u0105cych w\u00a0dnach zbiornik\u00f3w s\u0142odkowodnych) na wybranych stanowiskach z\u00a0wykorzystaniem metod datowania radiow\u0119glowego i\u00a0analizy palinologicznej.\u00a0<\/span><\/p>\n<p><span style=\"font-weight: 400;\">Ta druga metoda pozwoli doprecyzowa\u0107 dane paleoekologiczne o\u00a0epizodach przej\u015b\u0107 z\u00a0warunk\u00f3w zimnych do ciep\u0142ych i\u00a0odwrotnie. Badania przyczyni\u0105 si\u0119 r\u00f3wnie\u017c do poszerzenia stanu wiedzy dotycz\u0105cego warunk\u00f3w panuj\u0105cych na Ni\u017cu Polskim na prze\u0142omie ostatniego okresu zlodowacenia i\u00a0holocenu.<\/span><\/p>\n<p><span style=\"font-weight: 400;\">jp<\/span><\/p>\n","protected":false},"excerpt":{"rendered":"<p>W ramach Doktoranckich Grant\u00f3w Badawczych Uniwersytetu \u0141\u00f3dzkiego (U\u0141)\u00a0 mgr Marta Rudna sprawdza histori\u0119 przemian geograficznych i biologicznych kszta\u0142tuj\u0105cych miejsce, w kt\u00f3rym \u017cyjemy, na przestrzeni 2000 lat \u2013 poinformowa\u0142 na Twitterze Pawe\u0142 \u015apiechowicz, rzecznik prasowy U\u0141. Marta Rudna podczas doktoratu realizowanego na U\u0141 skupia si\u0119 na rekonstrukcji gwa\u0142townych zmian klimatycznych w\u00a0centralnej Polsce na prze\u0142omie plejstocenu i\u00a0holocenu.\u00a0 [&hellip;]<\/p>\n","protected":false},"author":6,"featured_media":255304,"comment_status":"closed","ping_status":"closed","sticky":false,"template":"","format":"standard","meta":[],"categories":[22],"tags":[],"_links":{"self":[{"href":"https:\/\/www.polishscience.pl\/pl\/wp-json\/wp\/v2\/posts\/255285"}],"collection":[{"href":"https:\/\/www.polishscience.pl\/pl\/wp-json\/wp\/v2\/posts"}],"about":[{"href":"https:\/\/www.polishscience.pl\/pl\/wp-json\/wp\/v2\/types\/post"}],"author":[{"embeddable":true,"href":"https:\/\/www.polishscience.pl\/pl\/wp-json\/wp\/v2\/users\/6"}],"replies":[{"embeddable":true,"href":"https:\/\/www.polishscience.pl\/pl\/wp-json\/wp\/v2\/comments?post=255285"}],"version-history":[{"count":0,"href":"https:\/\/www.polishscience.pl\/pl\/wp-json\/wp\/v2\/posts\/255285\/revisions"}],"wp:featuredmedia":[{"embeddable":true,"href":"https:\/\/www.polishscience.pl\/pl\/wp-json\/wp\/v2\/media\/255304"}],"wp:attachment":[{"href":"https:\/\/www.polishscience.pl\/pl\/wp-json\/wp\/v2\/media?parent=255285"}],"wp:term":[{"taxonomy":"category","embeddable":true,"href":"https:\/\/www.polishscience.pl\/pl\/wp-json\/wp\/v2\/categories?post=255285"},{"taxonomy":"post_tag","embeddable":true,"href":"https:\/\/www.polishscience.pl\/pl\/wp-json\/wp\/v2\/tags?post=255285"}],"curies":[{"name":"wp","href":"https:\/\/api.w.org\/{rel}","templated":true}]}}