{"id":254759,"date":"2022-12-13T09:37:57","date_gmt":"2022-12-13T08:37:57","guid":{"rendered":"https:\/\/polishscience.pl\/?p=254759"},"modified":"2022-12-13T09:37:57","modified_gmt":"2022-12-13T08:37:57","slug":"wybrano-wiceprezesow-polskiej-akademii-nauk","status":"publish","type":"post","link":"https:\/\/www.polishscience.pl\/pl\/wybrano-wiceprezesow-polskiej-akademii-nauk\/","title":{"rendered":"Wybrano wiceprezes\u00f3w Polskiej Akademii Nauk"},"content":{"rendered":"<p><b>Na 148. Sesji Zgromadzenia Og\u00f3lnego Akademii Nauk (PAN) Akademicy wybrali osoby, kt\u00f3re b\u0119d\u0105 pe\u0142ni\u0142y funkcje wiceprezes\u00f3w PAN przez najbli\u017csze cztery lata. Zg\u0142osi\u0142 ich prof. Marek Konarzewski, kt\u00f3ry zosta\u0142 wybrany na prezesa PAN. Wiceprezesami zostali: prof. Aleksander Welfe, dr hab. Miros\u0142awa Ostrowska, prof. Natalia Sobczak i prof. Dariusz Jemielniak.<\/b><\/p>\n<p><span style=\"font-weight: 400;\">Prezes elekt prof. Konarzewski dobiera\u0142 kandydat\u00f3w na wiceprezes\u00f3w ze wzgl\u0119du na ich kompetencje i do\u015bwiadczenie w nast\u0119puj\u0105cych obszarach: wyzwania zwi\u0105zane ze zmian\u0105 ustrojow\u0105 oraz now\u0105 ustaw\u0105 o PAN; regulacja powi\u0105za\u0144 mi\u0119dzy korporacj\u0105 uczonych a instytutami PAN; zwi\u0119kszenie udzia\u0142u PAN w dyskursie spo\u0142ecznym oraz dba\u0142o\u015b\u0107 o wizerunek Akademii; wsp\u00f3\u0142praca z otoczeniem uczelnianym.<\/span><\/p>\n<p><span style=\"font-weight: 400;\">Prof. Welfe jest ekonometryk i makroekonomist\u0105. Prof. Jemielniak to teoretyk zarz\u0105dzania i socjologii, dr hab. Ostrowska jest oceanologiem i w szczeg\u00f3lno\u015bci zajmuje si\u0119 biofizyk\u0105 i optyk\u0105 morza, natomiast prof. Sobczak zajmuje si\u0119 badaniami zjawisk wysokotemperaturowych w obszarze in\u017cynierii ciek\u0142ego metalu, w tym opracowaniem nowej generacji materia\u0142\u00f3w dla energetyki.<\/span><\/p>\n<p><span style=\"font-weight: 400;\">jp<\/span><\/p>\n","protected":false},"excerpt":{"rendered":"<p>Na 148. Sesji Zgromadzenia Og\u00f3lnego Akademii Nauk (PAN) Akademicy wybrali osoby, kt\u00f3re b\u0119d\u0105 pe\u0142ni\u0142y funkcje wiceprezes\u00f3w PAN przez najbli\u017csze cztery lata. Zg\u0142osi\u0142 ich prof. Marek Konarzewski, kt\u00f3ry zosta\u0142 wybrany na prezesa PAN. Wiceprezesami zostali: prof. Aleksander Welfe, dr hab. Miros\u0142awa Ostrowska, prof. Natalia Sobczak i prof. Dariusz Jemielniak. Prezes elekt prof. Konarzewski dobiera\u0142 kandydat\u00f3w na [&hellip;]<\/p>\n","protected":false},"author":6,"featured_media":254787,"comment_status":"closed","ping_status":"closed","sticky":false,"template":"","format":"standard","meta":[],"categories":[22],"tags":[],"_links":{"self":[{"href":"https:\/\/www.polishscience.pl\/pl\/wp-json\/wp\/v2\/posts\/254759"}],"collection":[{"href":"https:\/\/www.polishscience.pl\/pl\/wp-json\/wp\/v2\/posts"}],"about":[{"href":"https:\/\/www.polishscience.pl\/pl\/wp-json\/wp\/v2\/types\/post"}],"author":[{"embeddable":true,"href":"https:\/\/www.polishscience.pl\/pl\/wp-json\/wp\/v2\/users\/6"}],"replies":[{"embeddable":true,"href":"https:\/\/www.polishscience.pl\/pl\/wp-json\/wp\/v2\/comments?post=254759"}],"version-history":[{"count":0,"href":"https:\/\/www.polishscience.pl\/pl\/wp-json\/wp\/v2\/posts\/254759\/revisions"}],"wp:featuredmedia":[{"embeddable":true,"href":"https:\/\/www.polishscience.pl\/pl\/wp-json\/wp\/v2\/media\/254787"}],"wp:attachment":[{"href":"https:\/\/www.polishscience.pl\/pl\/wp-json\/wp\/v2\/media?parent=254759"}],"wp:term":[{"taxonomy":"category","embeddable":true,"href":"https:\/\/www.polishscience.pl\/pl\/wp-json\/wp\/v2\/categories?post=254759"},{"taxonomy":"post_tag","embeddable":true,"href":"https:\/\/www.polishscience.pl\/pl\/wp-json\/wp\/v2\/tags?post=254759"}],"curies":[{"name":"wp","href":"https:\/\/api.w.org\/{rel}","templated":true}]}}