{"id":254411,"date":"2022-12-12T09:30:06","date_gmt":"2022-12-12T08:30:06","guid":{"rendered":"https:\/\/polishscience.pl\/?p=254411"},"modified":"2022-12-12T09:30:06","modified_gmt":"2022-12-12T08:30:06","slug":"prawo-do-przemocy-prawne-aspekty-wojny-drugie-spotkanie-areopagu-uniwersytetow","status":"publish","type":"post","link":"https:\/\/www.polishscience.pl\/pl\/prawo-do-przemocy-prawne-aspekty-wojny-drugie-spotkanie-areopagu-uniwersytetow\/","title":{"rendered":"&#8222;Prawo do przemocy? Prawne aspekty wojny&#8221; \u2013 drugie spotkanie Areopagu Uniwersytet\u00f3w"},"content":{"rendered":"<p><b>Drugie spotkanie Areopagu Uniwersytet\u00f3w w ramach cyklu debat &#8222;Uniwersytet a wojna&#8221;, kt\u00f3rego g\u0142\u00f3wnym tematem jest agresja Rosji na Ukrain\u0119 z wszystkimi tego konsekwencjami dla Polski i \u015bwiata, odb\u0119dzie si\u0119 15 grudnia 2022 r. na Uniwersytecie Jagiello\u0144skim w Krakowie.\u00a0<\/b><\/p>\n<p><span style=\"font-weight: 400;\">W Areopagu Uniwersytet\u00f3w bior\u0105 udzia\u0142 przedstawiciele najwi\u0119kszych polskich uniwersytet\u00f3w: Uniwersytetu Warszawskiego, Uniwersytetu Jagiello\u0144skiego i Uniwersytetu im. Adama Mickiewicza w Poznaniu oraz inicjatora przedsi\u0119wzi\u0119cia \u2013 Katolickiego Uniwersytetu Lubelskiego. Go\u015bcinnie w debacie &#8222;Prawo do przemocy? Prawne aspekty wojny&#8221; udzia\u0142 we\u017amie ekspertka z Uniwersytetu \u015al\u0105skiego.<\/span><\/p>\n<p><span style=\"font-weight: 400;\">G\u0142\u00f3wn\u0105 ide\u0105 Areopagu Uniwersytet\u00f3w, kt\u00f3remu patronuje Konferencja Rektor\u00f3w Akademickich Szk\u00f3\u0142 Polskich, jest prowadzenie debaty publicznej o wyzwaniach wsp\u00f3\u0142czesno\u015bci w przestrzeni uniwersyteckiej.\u00a0<\/span><\/p>\n<p><span style=\"font-weight: 400;\">jp\u00a0<\/span><\/p>\n","protected":false},"excerpt":{"rendered":"<p>Drugie spotkanie Areopagu Uniwersytet\u00f3w w ramach cyklu debat &#8222;Uniwersytet a wojna&#8221;, kt\u00f3rego g\u0142\u00f3wnym tematem jest agresja Rosji na Ukrain\u0119 z wszystkimi tego konsekwencjami dla Polski i \u015bwiata, odb\u0119dzie si\u0119 15 grudnia 2022 r. na Uniwersytecie Jagiello\u0144skim w Krakowie.\u00a0 W Areopagu Uniwersytet\u00f3w bior\u0105 udzia\u0142 przedstawiciele najwi\u0119kszych polskich uniwersytet\u00f3w: Uniwersytetu Warszawskiego, Uniwersytetu Jagiello\u0144skiego i Uniwersytetu im. Adama [&hellip;]<\/p>\n","protected":false},"author":6,"featured_media":254440,"comment_status":"closed","ping_status":"closed","sticky":false,"template":"","format":"standard","meta":[],"categories":[22],"tags":[],"_links":{"self":[{"href":"https:\/\/www.polishscience.pl\/pl\/wp-json\/wp\/v2\/posts\/254411"}],"collection":[{"href":"https:\/\/www.polishscience.pl\/pl\/wp-json\/wp\/v2\/posts"}],"about":[{"href":"https:\/\/www.polishscience.pl\/pl\/wp-json\/wp\/v2\/types\/post"}],"author":[{"embeddable":true,"href":"https:\/\/www.polishscience.pl\/pl\/wp-json\/wp\/v2\/users\/6"}],"replies":[{"embeddable":true,"href":"https:\/\/www.polishscience.pl\/pl\/wp-json\/wp\/v2\/comments?post=254411"}],"version-history":[{"count":0,"href":"https:\/\/www.polishscience.pl\/pl\/wp-json\/wp\/v2\/posts\/254411\/revisions"}],"wp:featuredmedia":[{"embeddable":true,"href":"https:\/\/www.polishscience.pl\/pl\/wp-json\/wp\/v2\/media\/254440"}],"wp:attachment":[{"href":"https:\/\/www.polishscience.pl\/pl\/wp-json\/wp\/v2\/media?parent=254411"}],"wp:term":[{"taxonomy":"category","embeddable":true,"href":"https:\/\/www.polishscience.pl\/pl\/wp-json\/wp\/v2\/categories?post=254411"},{"taxonomy":"post_tag","embeddable":true,"href":"https:\/\/www.polishscience.pl\/pl\/wp-json\/wp\/v2\/tags?post=254411"}],"curies":[{"name":"wp","href":"https:\/\/api.w.org\/{rel}","templated":true}]}}