{"id":254123,"date":"2022-12-09T08:26:45","date_gmt":"2022-12-09T07:26:45","guid":{"rendered":"https:\/\/polishscience.pl\/?p=254123"},"modified":"2022-12-09T08:26:45","modified_gmt":"2022-12-09T07:26:45","slug":"prof-leszek-kaczmarek-w-radzie-naukowej-europejskiej-rady-ds-badan-naukowych","status":"publish","type":"post","link":"https:\/\/www.polishscience.pl\/pl\/prof-leszek-kaczmarek-w-radzie-naukowej-europejskiej-rady-ds-badan-naukowych\/","title":{"rendered":"Prof. Leszek Kaczmarek w Radzie Naukowej Europejskiej Rady ds. Bada\u0144 Naukowych"},"content":{"rendered":"<p><b>Komisja Europejska mianowa\u0142a pi\u0119ciu wybitnych naukowc\u00f3w i uczonych na nowych cz\u0142onk\u00f3w Rady Naukowej, organu zarz\u0105dzaj\u0105cego Europejskiej Rady ds. Bada\u0144 Naukowych (ERC). W\u015br\u00f3d nich znalaz\u0142 si\u0119 prof. Leszek Kaczmarek z Instytutu Biologii Do\u015bwiadczalnej im. M. Nenckiego Polskiej Akademii Nauk.<\/b><\/p>\n<p>Nowi cz\u0142onkowie Rady zostali mianowani na okres czterech lat i z dniem 1 stycznia 2023 r. zast\u0105pi\u0105 tych, kt\u00f3rych kadencja wygasa.<\/p>\n<p>Do zada\u0144 ERC nale\u017cy m.in. przyznawanie \u015brodk\u00f3w na pionierskie badania podstawowe z zakresu r\u00f3\u017cnych dziedzin nauki. Jej bud\u017cet na lata 2021\u20132027 wynosi ponad 16 mld euro.<\/p>\n<p>Prof. Kaczmarek jest biologiem molekularnym. By\u0142 profesorem wizytuj\u0105cym na Uniwersytecie w Katanii we W\u0142oszech, Uniwersytecie McGill w Montrealu w Kanadzie, Uniwersytecie Kalifornijskim w Los Angeles w USA oraz w Instytucie Nauk Fotonicznych w ICFO w Castelldefels w Hiszpanii.<\/p>\n<p>jp<\/p>\n","protected":false},"excerpt":{"rendered":"<p>Komisja Europejska mianowa\u0142a pi\u0119ciu wybitnych naukowc\u00f3w i uczonych na nowych cz\u0142onk\u00f3w Rady Naukowej, organu zarz\u0105dzaj\u0105cego Europejskiej Rady ds. Bada\u0144 Naukowych (ERC). W\u015br\u00f3d nich znalaz\u0142 si\u0119 prof. Leszek Kaczmarek z Instytutu Biologii Do\u015bwiadczalnej im. M. Nenckiego Polskiej Akademii Nauk. Nowi cz\u0142onkowie Rady zostali mianowani na okres czterech lat i z dniem 1 stycznia 2023 r. zast\u0105pi\u0105 [&hellip;]<\/p>\n","protected":false},"author":6,"featured_media":254133,"comment_status":"closed","ping_status":"closed","sticky":false,"template":"","format":"standard","meta":[],"categories":[22],"tags":[],"_links":{"self":[{"href":"https:\/\/www.polishscience.pl\/pl\/wp-json\/wp\/v2\/posts\/254123"}],"collection":[{"href":"https:\/\/www.polishscience.pl\/pl\/wp-json\/wp\/v2\/posts"}],"about":[{"href":"https:\/\/www.polishscience.pl\/pl\/wp-json\/wp\/v2\/types\/post"}],"author":[{"embeddable":true,"href":"https:\/\/www.polishscience.pl\/pl\/wp-json\/wp\/v2\/users\/6"}],"replies":[{"embeddable":true,"href":"https:\/\/www.polishscience.pl\/pl\/wp-json\/wp\/v2\/comments?post=254123"}],"version-history":[{"count":0,"href":"https:\/\/www.polishscience.pl\/pl\/wp-json\/wp\/v2\/posts\/254123\/revisions"}],"wp:featuredmedia":[{"embeddable":true,"href":"https:\/\/www.polishscience.pl\/pl\/wp-json\/wp\/v2\/media\/254133"}],"wp:attachment":[{"href":"https:\/\/www.polishscience.pl\/pl\/wp-json\/wp\/v2\/media?parent=254123"}],"wp:term":[{"taxonomy":"category","embeddable":true,"href":"https:\/\/www.polishscience.pl\/pl\/wp-json\/wp\/v2\/categories?post=254123"},{"taxonomy":"post_tag","embeddable":true,"href":"https:\/\/www.polishscience.pl\/pl\/wp-json\/wp\/v2\/tags?post=254123"}],"curies":[{"name":"wp","href":"https:\/\/api.w.org\/{rel}","templated":true}]}}