{"id":252086,"date":"2022-11-29T09:58:19","date_gmt":"2022-11-29T08:58:19","guid":{"rendered":"https:\/\/polishscience.pl\/?p=252086"},"modified":"2022-11-29T09:58:19","modified_gmt":"2022-11-29T08:58:19","slug":"rusza-vi-edycja-legii-akademickiej","status":"publish","type":"post","link":"https:\/\/www.polishscience.pl\/pl\/rusza-vi-edycja-legii-akademickiej\/","title":{"rendered":"Rusza VI edycja Legii Akademickiej"},"content":{"rendered":"<p><b>Ministerstwo Obrony Narodowej og\u0142osi\u0142o kolejn\u0105 VI edycj\u0119 ochotniczego programu edukacji wojskowej student\u00f3w pod nazw\u0105 &#8222;Szko\u0142a Legii Akademickiej&#8221;.<\/b><\/p>\n<p><span style=\"font-weight: 400;\">Program jest realizowany w ramach cz\u0119\u015bci teoretycznej i praktycznej w celu gromadzenia wyszkolonych zasob\u00f3w \u017co\u0142nierzy rezerwy na potrzeby uzupe\u0142nie\u0144 osobowych Si\u0142 Zbrojnych Rzeczpospolitej Polskiej w korpusach: szeregowych, podoficer\u00f3w i oficer\u00f3w.<\/span><\/p>\n<p><span style=\"font-weight: 400;\">Do programu mog\u0105 przyst\u0105pi\u0107 osoby, kt\u00f3re s\u0105 studentami lub absolwentami uczelni wy\u017cszych publicznych oraz niepublicznych (studia dzienne, zaoczne I oraz II stopnia) posiadaj\u0105ce obywatelstwo polskie.<\/span><\/p>\n<p><span style=\"font-weight: 400;\">Ide\u0119 ochotniczego szkolenia student\u00f3w przywr\u00f3cono w 2017 roku. Od tego czasu, co roku kilka tysi\u0119cy student\u00f3w bierze udzia\u0142 w szkoleniach wojskowych.<\/span><\/p>\n<p><span style=\"font-weight: 400;\">Wi\u0119cej: <\/span><span style=\"font-weight: 400;\"><br \/>\n<\/span><a href=\"https:\/\/www.wojsko-polskie.pl\/legia-akademicka\/\"><span style=\"font-weight: 400;\">https:\/\/www.wojsko-polskie.pl\/legia-akademicka\/<\/span><\/a><\/p>\n<p><span style=\"font-weight: 400;\">jp<\/span><\/p>\n","protected":false},"excerpt":{"rendered":"<p>Ministerstwo Obrony Narodowej og\u0142osi\u0142o kolejn\u0105 VI edycj\u0119 ochotniczego programu edukacji wojskowej student\u00f3w pod nazw\u0105 &#8222;Szko\u0142a Legii Akademickiej&#8221;. Program jest realizowany w ramach cz\u0119\u015bci teoretycznej i praktycznej w celu gromadzenia wyszkolonych zasob\u00f3w \u017co\u0142nierzy rezerwy na potrzeby uzupe\u0142nie\u0144 osobowych Si\u0142 Zbrojnych Rzeczpospolitej Polskiej w korpusach: szeregowych, podoficer\u00f3w i oficer\u00f3w. Do programu mog\u0105 przyst\u0105pi\u0107 osoby, kt\u00f3re s\u0105 studentami [&hellip;]<\/p>\n","protected":false},"author":6,"featured_media":252112,"comment_status":"closed","ping_status":"closed","sticky":false,"template":"","format":"standard","meta":[],"categories":[22],"tags":[],"_links":{"self":[{"href":"https:\/\/www.polishscience.pl\/pl\/wp-json\/wp\/v2\/posts\/252086"}],"collection":[{"href":"https:\/\/www.polishscience.pl\/pl\/wp-json\/wp\/v2\/posts"}],"about":[{"href":"https:\/\/www.polishscience.pl\/pl\/wp-json\/wp\/v2\/types\/post"}],"author":[{"embeddable":true,"href":"https:\/\/www.polishscience.pl\/pl\/wp-json\/wp\/v2\/users\/6"}],"replies":[{"embeddable":true,"href":"https:\/\/www.polishscience.pl\/pl\/wp-json\/wp\/v2\/comments?post=252086"}],"version-history":[{"count":0,"href":"https:\/\/www.polishscience.pl\/pl\/wp-json\/wp\/v2\/posts\/252086\/revisions"}],"wp:featuredmedia":[{"embeddable":true,"href":"https:\/\/www.polishscience.pl\/pl\/wp-json\/wp\/v2\/media\/252112"}],"wp:attachment":[{"href":"https:\/\/www.polishscience.pl\/pl\/wp-json\/wp\/v2\/media?parent=252086"}],"wp:term":[{"taxonomy":"category","embeddable":true,"href":"https:\/\/www.polishscience.pl\/pl\/wp-json\/wp\/v2\/categories?post=252086"},{"taxonomy":"post_tag","embeddable":true,"href":"https:\/\/www.polishscience.pl\/pl\/wp-json\/wp\/v2\/tags?post=252086"}],"curies":[{"name":"wp","href":"https:\/\/api.w.org\/{rel}","templated":true}]}}