{"id":245444,"date":"2022-10-19T10:34:43","date_gmt":"2022-10-19T08:34:43","guid":{"rendered":"https:\/\/polishscience.pl\/?p=245444"},"modified":"2022-10-19T10:34:43","modified_gmt":"2022-10-19T08:34:43","slug":"biblistyka-i-nauki-o-rodzinie-nowe-dziedziny-i-dyscypliny-naukowe","status":"publish","type":"post","link":"https:\/\/www.polishscience.pl\/pl\/biblistyka-i-nauki-o-rodzinie-nowe-dziedziny-i-dyscypliny-naukowe\/","title":{"rendered":"Biblistyka i nauki o rodzinie \u2013 nowe dziedziny i dyscypliny naukowe"},"content":{"rendered":"<p><b>Podpisa\u0142em rozporz\u0105dzenie, w kt\u00f3rym ustanawiamy nowe dziedziny i dyscypliny, w tym biblistyk\u0119 i nauki o rodzinie \u2013 poinformowa\u0142 minister edukacji i nauki Przemys\u0142aw Czarnek podczas inauguracji nowego roku akademickiego 2022\/2023 na Katolickim Uniwersytecie Lubelskim.<\/b><\/p>\n<p><span style=\"font-weight: 400;\">Minister oceni\u0142, \u017ce biblistyka oraz nauki o rodzinie \u201es\u0105 Polsce szczeg\u00f3lnie potrzebne&#8221;.<\/span><\/p>\n<p><span style=\"font-weight: 400;\">Chcemy wzmocni\u0107 biblistyk\u0119 polsk\u0105 po to, \u017ceby w Polsce m\u00f3g\u0142 powsta\u0107 o\u015brodek na miar\u0119 tego, kt\u00f3ry jest w Jerozolimie, w Szwajcarii czy Stanach Zjednoczonych. Mamy taki potencja\u0142 i ten potencja\u0142 jest tutaj na KUL-u. R\u00f3wnie\u017c tutaj jest wielki potencja\u0142, aby dziedzina nauk o rodzinie dalej si\u0119 rozwija\u0142a \u2013 doda\u0142 minister Czarnek.<\/span><\/p>\n<p><span style=\"font-weight: 400;\">Minister przekonywa\u0142, \u017ce trzeba na nowo znale\u017a\u0107 prawd\u0119 o rodzinie i t\u0119 prawd\u0119 spo\u0142ecze\u0144stwu pokaza\u0107, bo bez tego \u201ewszystkie nasze starania, ca\u0142y ten rozw\u00f3j KUL na nic si\u0119 zda\u201d. Bez rodziny nie b\u0119dzie nas za 50 lat &#8211; podkre\u015bli\u0142.<\/span><\/p>\n<p><span style=\"font-weight: 400;\">jp<\/span><\/p>\n","protected":false},"excerpt":{"rendered":"<p>Podpisa\u0142em rozporz\u0105dzenie, w kt\u00f3rym ustanawiamy nowe dziedziny i dyscypliny, w tym biblistyk\u0119 i nauki o rodzinie \u2013 poinformowa\u0142 minister edukacji i nauki Przemys\u0142aw Czarnek podczas inauguracji nowego roku akademickiego 2022\/2023 na Katolickim Uniwersytecie Lubelskim. Minister oceni\u0142, \u017ce biblistyka oraz nauki o rodzinie \u201es\u0105 Polsce szczeg\u00f3lnie potrzebne&#8221;. Chcemy wzmocni\u0107 biblistyk\u0119 polsk\u0105 po to, \u017ceby w Polsce [&hellip;]<\/p>\n","protected":false},"author":6,"featured_media":245445,"comment_status":"closed","ping_status":"closed","sticky":false,"template":"","format":"standard","meta":[],"categories":[21],"tags":[],"_links":{"self":[{"href":"https:\/\/www.polishscience.pl\/pl\/wp-json\/wp\/v2\/posts\/245444"}],"collection":[{"href":"https:\/\/www.polishscience.pl\/pl\/wp-json\/wp\/v2\/posts"}],"about":[{"href":"https:\/\/www.polishscience.pl\/pl\/wp-json\/wp\/v2\/types\/post"}],"author":[{"embeddable":true,"href":"https:\/\/www.polishscience.pl\/pl\/wp-json\/wp\/v2\/users\/6"}],"replies":[{"embeddable":true,"href":"https:\/\/www.polishscience.pl\/pl\/wp-json\/wp\/v2\/comments?post=245444"}],"version-history":[{"count":0,"href":"https:\/\/www.polishscience.pl\/pl\/wp-json\/wp\/v2\/posts\/245444\/revisions"}],"wp:featuredmedia":[{"embeddable":true,"href":"https:\/\/www.polishscience.pl\/pl\/wp-json\/wp\/v2\/media\/245445"}],"wp:attachment":[{"href":"https:\/\/www.polishscience.pl\/pl\/wp-json\/wp\/v2\/media?parent=245444"}],"wp:term":[{"taxonomy":"category","embeddable":true,"href":"https:\/\/www.polishscience.pl\/pl\/wp-json\/wp\/v2\/categories?post=245444"},{"taxonomy":"post_tag","embeddable":true,"href":"https:\/\/www.polishscience.pl\/pl\/wp-json\/wp\/v2\/tags?post=245444"}],"curies":[{"name":"wp","href":"https:\/\/api.w.org\/{rel}","templated":true}]}}