{"id":244915,"date":"2022-10-17T09:45:26","date_gmt":"2022-10-17T07:45:26","guid":{"rendered":"https:\/\/polishscience.pl\/?p=244915"},"modified":"2022-10-17T09:45:26","modified_gmt":"2022-10-17T07:45:26","slug":"inauguracja-41-roku-akademickiego-w-jagiellonskim-uniwersytecie-trzeciego-wieku","status":"publish","type":"post","link":"https:\/\/www.polishscience.pl\/pl\/inauguracja-41-roku-akademickiego-w-jagiellonskim-uniwersytecie-trzeciego-wieku\/","title":{"rendered":"Inauguracja 41. roku akademickiego w Jagiello\u0144skim Uniwersytecie Trzeciego Wieku"},"content":{"rendered":"<p><b>W Auditorium Maximum Uniwersytetu Jagiello\u0144skiego (UJ) w Krakowie odby\u0142a si\u0119 inauguracja 41. roku akademickiego w Jagiello\u0144skim Uniwersytecie Trzeciego Wieku (JUTW).\u00a0<\/b><\/p>\n<p><span style=\"font-weight: 400;\">Od tego roku zaj\u0119cia w JUTW b\u0119d\u0105 odbywa\u0107 si\u0119 w formie hybrydowej: wyk\u0142ady organizowane stacjonarnie b\u0119d\u0105 r\u00f3wnie\u017c dost\u0119pne w wersji online. Ma to na celu zapewnienie mo\u017cliwo\u015bci uczestnictwa w zaj\u0119ciach tym osobom, kt\u00f3re z r\u00f3\u017cnych wzgl\u0119d\u00f3w nie s\u0105 w stanie pojawi\u0107 si\u0119 wewn\u0105trz uniwersyteckich mur\u00f3w \u2013 informuje UJ.<\/span><\/p>\n<p><span style=\"font-weight: 400;\">Jak podkre\u015bli\u0142a w swoim wyst\u0105pieniu dyrektor JUTW Ewa Pi\u0142at, Jagiello\u0144ski Uniwersytet Trzeciego Wieku stosunkowo szybko zdo\u0142a\u0142 przekona\u0107 swoich student\u00f3w-senior\u00f3w do korzystania z narz\u0119dzi umo\u017cliwiaj\u0105cych nauk\u0119 zdaln\u0105 i tym samym, jako by\u0107 mo\u017ce jedyna tego typu instytucja w Polsce, w znacznej mierze odbudowa\u0142 sw\u00f3j stan liczebny sprzed pandemii.<\/span><\/p>\n<p><span style=\"font-weight: 400;\">Z kolei prorektor UJ ds. bada\u0144 naukowych prof. Piotr Ku\u015btrowski zaznaczy\u0142, \u017ce dzia\u0142alno\u015b\u0107 dydaktyczna Uniwersytetu jest jedn\u0105 z jego dw\u00f3ch podstawowych misji, a studenci Uniwersytetu Trzeciego Wieku stanowi\u0105 grup\u0119, kt\u00f3ra otoczona jest szczeg\u00f3ln\u0105 opiek\u0105.\u00a0<\/span><\/p>\n<p><span style=\"font-weight: 400;\">jp<\/span><\/p>\n","protected":false},"excerpt":{"rendered":"<p>W Auditorium Maximum Uniwersytetu Jagiello\u0144skiego (UJ) w Krakowie odby\u0142a si\u0119 inauguracja 41. roku akademickiego w Jagiello\u0144skim Uniwersytecie Trzeciego Wieku (JUTW).\u00a0 Od tego roku zaj\u0119cia w JUTW b\u0119d\u0105 odbywa\u0107 si\u0119 w formie hybrydowej: wyk\u0142ady organizowane stacjonarnie b\u0119d\u0105 r\u00f3wnie\u017c dost\u0119pne w wersji online. Ma to na celu zapewnienie mo\u017cliwo\u015bci uczestnictwa w zaj\u0119ciach tym osobom, kt\u00f3re z r\u00f3\u017cnych [&hellip;]<\/p>\n","protected":false},"author":6,"featured_media":244934,"comment_status":"closed","ping_status":"closed","sticky":false,"template":"","format":"standard","meta":[],"categories":[21],"tags":[],"_links":{"self":[{"href":"https:\/\/www.polishscience.pl\/pl\/wp-json\/wp\/v2\/posts\/244915"}],"collection":[{"href":"https:\/\/www.polishscience.pl\/pl\/wp-json\/wp\/v2\/posts"}],"about":[{"href":"https:\/\/www.polishscience.pl\/pl\/wp-json\/wp\/v2\/types\/post"}],"author":[{"embeddable":true,"href":"https:\/\/www.polishscience.pl\/pl\/wp-json\/wp\/v2\/users\/6"}],"replies":[{"embeddable":true,"href":"https:\/\/www.polishscience.pl\/pl\/wp-json\/wp\/v2\/comments?post=244915"}],"version-history":[{"count":0,"href":"https:\/\/www.polishscience.pl\/pl\/wp-json\/wp\/v2\/posts\/244915\/revisions"}],"wp:featuredmedia":[{"embeddable":true,"href":"https:\/\/www.polishscience.pl\/pl\/wp-json\/wp\/v2\/media\/244934"}],"wp:attachment":[{"href":"https:\/\/www.polishscience.pl\/pl\/wp-json\/wp\/v2\/media?parent=244915"}],"wp:term":[{"taxonomy":"category","embeddable":true,"href":"https:\/\/www.polishscience.pl\/pl\/wp-json\/wp\/v2\/categories?post=244915"},{"taxonomy":"post_tag","embeddable":true,"href":"https:\/\/www.polishscience.pl\/pl\/wp-json\/wp\/v2\/tags?post=244915"}],"curies":[{"name":"wp","href":"https:\/\/api.w.org\/{rel}","templated":true}]}}