{"id":243732,"date":"2022-10-11T10:34:02","date_gmt":"2022-10-11T08:34:02","guid":{"rendered":"https:\/\/polishscience.pl\/?p=243732"},"modified":"2022-10-11T10:34:02","modified_gmt":"2022-10-11T08:34:02","slug":"prezydent-polski-na-inauguracji-nowego-roku-akademickiego-na-uniwersytecie-ekonomicznym-w-krakowie","status":"publish","type":"post","link":"https:\/\/www.polishscience.pl\/pl\/prezydent-polski-na-inauguracji-nowego-roku-akademickiego-na-uniwersytecie-ekonomicznym-w-krakowie\/","title":{"rendered":"Prezydent Polski na inauguracji nowego roku akademickiego na Uniwersytecie Ekonomicznym w Krakowie"},"content":{"rendered":"<p><b>Prezydent Polski Andrzej Duda uczestniczy\u0142 7 pa\u017adziernika 2022 r. w uroczystym rozpocz\u0119ciu nowego roku akademickiego 2022\/2023 na Uniwersytecie Ekonomicznym w Krakowie(UEK).\u00a0<\/b><\/p>\n<p><span style=\"font-weight: 400;\">Uroczysto\u015bci inauguracyjne zawsze przypominaj\u0105 o donios\u0142ej roli, jak\u0105 nauka odgrywa we wsp\u00f3\u0142czesnym \u015bwiecie. W trudnych, niespokojnych czasach, w jakich obecnie \u017cyjemy, jej znaczenie jest szczeg\u00f3lnie wielkie, wi\u0105\u017c\u0105 si\u0119 z tym wymagaj\u0105ce zadania\u00a0\u2013 podkre\u015bli\u0142 Andrzej Duda.<\/span><\/p>\n<p><span style=\"font-weight: 400;\">Prezydent przypomnia\u0142, \u017ce Uniwersytet Ekonomiczny w Krakowie dziedziczy tradycje si\u0119gaj\u0105ce przedwojennego studium handlowego, kt\u00f3re zosta\u0142o utworzone niemal 100 lat temu.<\/span><\/p>\n<p><span style=\"font-weight: 400;\">Cho\u0107 niew\u0105tpliwie musimy pami\u0119ta\u0107 o przesz\u0142o\u015bci, jeszcze wa\u017cniejsza musi by\u0107 dla nas przysz\u0142o\u015b\u0107. Dba\u0142o\u015b\u0107 o jako\u015b\u0107 kszta\u0142cenia i nieustanny rozw\u00f3j, s\u0142u\u017c\u0105ce odpowiadaniu na potrzeby wsp\u00f3\u0142czesnego \u015bwiata, to obecnie nasz priorytet \u2013 powiedzia\u0142 rektor UEK dr hab. Stanis\u0142aw Mazur, prof. UEK.<\/span><\/p>\n<p><span style=\"font-weight: 400;\">jp<\/span><\/p>\n","protected":false},"excerpt":{"rendered":"<p>Prezydent Polski Andrzej Duda uczestniczy\u0142 7 pa\u017adziernika 2022 r. w uroczystym rozpocz\u0119ciu nowego roku akademickiego 2022\/2023 na Uniwersytecie Ekonomicznym w Krakowie(UEK).\u00a0 Uroczysto\u015bci inauguracyjne zawsze przypominaj\u0105 o donios\u0142ej roli, jak\u0105 nauka odgrywa we wsp\u00f3\u0142czesnym \u015bwiecie. W trudnych, niespokojnych czasach, w jakich obecnie \u017cyjemy, jej znaczenie jest szczeg\u00f3lnie wielkie, wi\u0105\u017c\u0105 si\u0119 z tym wymagaj\u0105ce zadania\u00a0\u2013 podkre\u015bli\u0142 Andrzej [&hellip;]<\/p>\n","protected":false},"author":6,"featured_media":243778,"comment_status":"closed","ping_status":"closed","sticky":false,"template":"","format":"standard","meta":[],"categories":[21],"tags":[],"_links":{"self":[{"href":"https:\/\/www.polishscience.pl\/pl\/wp-json\/wp\/v2\/posts\/243732"}],"collection":[{"href":"https:\/\/www.polishscience.pl\/pl\/wp-json\/wp\/v2\/posts"}],"about":[{"href":"https:\/\/www.polishscience.pl\/pl\/wp-json\/wp\/v2\/types\/post"}],"author":[{"embeddable":true,"href":"https:\/\/www.polishscience.pl\/pl\/wp-json\/wp\/v2\/users\/6"}],"replies":[{"embeddable":true,"href":"https:\/\/www.polishscience.pl\/pl\/wp-json\/wp\/v2\/comments?post=243732"}],"version-history":[{"count":0,"href":"https:\/\/www.polishscience.pl\/pl\/wp-json\/wp\/v2\/posts\/243732\/revisions"}],"wp:featuredmedia":[{"embeddable":true,"href":"https:\/\/www.polishscience.pl\/pl\/wp-json\/wp\/v2\/media\/243778"}],"wp:attachment":[{"href":"https:\/\/www.polishscience.pl\/pl\/wp-json\/wp\/v2\/media?parent=243732"}],"wp:term":[{"taxonomy":"category","embeddable":true,"href":"https:\/\/www.polishscience.pl\/pl\/wp-json\/wp\/v2\/categories?post=243732"},{"taxonomy":"post_tag","embeddable":true,"href":"https:\/\/www.polishscience.pl\/pl\/wp-json\/wp\/v2\/tags?post=243732"}],"curies":[{"name":"wp","href":"https:\/\/api.w.org\/{rel}","templated":true}]}}