{"id":243154,"date":"2022-10-07T09:17:45","date_gmt":"2022-10-07T07:17:45","guid":{"rendered":"https:\/\/polishscience.pl\/?p=243154"},"modified":"2022-10-07T09:17:45","modified_gmt":"2022-10-07T07:17:45","slug":"inauguracja-dzialalnosci-wydzialu-medycznego-katolickiego-uniwersytetu-lubelskiego","status":"publish","type":"post","link":"https:\/\/www.polishscience.pl\/pl\/inauguracja-dzialalnosci-wydzialu-medycznego-katolickiego-uniwersytetu-lubelskiego\/","title":{"rendered":"Inauguracja dzia\u0142alno\u015bci Wydzia\u0142u Medycznego Katolickiego Uniwersytetu Lubelskiego"},"content":{"rendered":"<p><b>Chcemy widzie\u0107 ca\u0142ego cz\u0142owieka \u2013 jego aspekt somatyczny, psychiczny i duchowy \u2013 powiedzia\u0142 rektor Katolickiego Uniwersytetu Lubelskiego (KUL) ks. prof. Miros\u0142aw Kalinowski podczas uroczystej inauguracji dzia\u0142alno\u015bci Wydzia\u0142u Medycznego.<\/b><\/p>\n<p><span style=\"font-weight: 400;\">Na nowym wydziale prowadzone jest ju\u017c kszta\u0142cenie na po\u0142o\u017cnictwie, piel\u0119gniarstwie, biotechnologii i dietetyce, a od pa\u017adziernika 2023 r. rozpocznie si\u0119 r\u00f3wnie\u017c na kierunku lekarskim.\u00a0<\/span><\/p>\n<p><span style=\"font-weight: 400;\">Wsparcie dla nowego Wydzia\u0142u zadeklarowa\u0142 minister zdrowia Adam Niedzielski, kt\u00f3ry zaznaczy\u0142, \u017ce wzrost liczby student\u00f3w medycyny prze\u0142o\u017cy si\u0119 w przysz\u0142o\u015bci na lepsz\u0105 dost\u0119pno\u015b\u0107 pacjent\u00f3w do lekarza.<\/span><\/p>\n<p><span style=\"font-weight: 400;\">Minister Niedzielski zapowiedzia\u0142, ze resort zdrowia udzieli wsparcia Wydzia\u0142owi Medycznemu KUL w wysoko\u015bci 40 mln z\u0142 w formie obligacji.<\/span><\/p>\n<p><span style=\"font-weight: 400;\">jp<\/span><\/p>\n","protected":false},"excerpt":{"rendered":"<p>Chcemy widzie\u0107 ca\u0142ego cz\u0142owieka \u2013 jego aspekt somatyczny, psychiczny i duchowy \u2013 powiedzia\u0142 rektor Katolickiego Uniwersytetu Lubelskiego (KUL) ks. prof. Miros\u0142aw Kalinowski podczas uroczystej inauguracji dzia\u0142alno\u015bci Wydzia\u0142u Medycznego. Na nowym wydziale prowadzone jest ju\u017c kszta\u0142cenie na po\u0142o\u017cnictwie, piel\u0119gniarstwie, biotechnologii i dietetyce, a od pa\u017adziernika 2023 r. rozpocznie si\u0119 r\u00f3wnie\u017c na kierunku lekarskim.\u00a0 Wsparcie dla nowego [&hellip;]<\/p>\n","protected":false},"author":6,"featured_media":243200,"comment_status":"closed","ping_status":"closed","sticky":false,"template":"","format":"standard","meta":[],"categories":[21],"tags":[],"_links":{"self":[{"href":"https:\/\/www.polishscience.pl\/pl\/wp-json\/wp\/v2\/posts\/243154"}],"collection":[{"href":"https:\/\/www.polishscience.pl\/pl\/wp-json\/wp\/v2\/posts"}],"about":[{"href":"https:\/\/www.polishscience.pl\/pl\/wp-json\/wp\/v2\/types\/post"}],"author":[{"embeddable":true,"href":"https:\/\/www.polishscience.pl\/pl\/wp-json\/wp\/v2\/users\/6"}],"replies":[{"embeddable":true,"href":"https:\/\/www.polishscience.pl\/pl\/wp-json\/wp\/v2\/comments?post=243154"}],"version-history":[{"count":0,"href":"https:\/\/www.polishscience.pl\/pl\/wp-json\/wp\/v2\/posts\/243154\/revisions"}],"wp:featuredmedia":[{"embeddable":true,"href":"https:\/\/www.polishscience.pl\/pl\/wp-json\/wp\/v2\/media\/243200"}],"wp:attachment":[{"href":"https:\/\/www.polishscience.pl\/pl\/wp-json\/wp\/v2\/media?parent=243154"}],"wp:term":[{"taxonomy":"category","embeddable":true,"href":"https:\/\/www.polishscience.pl\/pl\/wp-json\/wp\/v2\/categories?post=243154"},{"taxonomy":"post_tag","embeddable":true,"href":"https:\/\/www.polishscience.pl\/pl\/wp-json\/wp\/v2\/tags?post=243154"}],"curies":[{"name":"wp","href":"https:\/\/api.w.org\/{rel}","templated":true}]}}