{"id":242903,"date":"2022-10-06T10:10:01","date_gmt":"2022-10-06T08:10:01","guid":{"rendered":"https:\/\/polishscience.pl\/?p=242903"},"modified":"2022-10-06T10:10:01","modified_gmt":"2022-10-06T08:10:01","slug":"politechnika-wroclawska-bedzie-miec-wydzial-medyczny","status":"publish","type":"post","link":"https:\/\/www.polishscience.pl\/pl\/politechnika-wroclawska-bedzie-miec-wydzial-medyczny\/","title":{"rendered":"Politechnika Wroc\u0142awska b\u0119dzie mie\u0107 wydzia\u0142 medyczny"},"content":{"rendered":"<p><b>Na Politechnice Wroc\u0142awskiej powstanie wydzia\u0142 medyczny. Od przysz\u0142ego roku akademickiego nauk\u0119 na pierwszym roku kierunku lekarskiego ma zacz\u0105\u0107 60 os\u00f3b. Studia b\u0119d\u0105 prowadzone we wsp\u00f3\u0142pracy z wroc\u0142awskimi szpitalami \u2013 informuje uczelnia.<\/b><\/p>\n<p><span style=\"font-weight: 400;\">Powo\u0142anie nowego wydzia\u0142u zapowiedzia\u0142 rektor Politechniki, prof. Arkadiusz W\u00f3js. Ma to by\u0107 odpowied\u017a na brak kadry medycznej, z kt\u00f3rym borykaj\u0105 si\u0119 niemal wszystkie szpitale w Polsce, ale te\u017c szansa na rozw\u00f3j bada\u0144 naukowych w dziedzinie nauk o zdrowiu i \u017cyciu. Nad projektem utworzenia wydzia\u0142u przez kilka ostatnich miesi\u0119cy pracowa\u0142 zesp\u00f3\u0142 ekspert\u00f3w. Zgod\u0119 na prowadzenie kierunku musi wyda\u0107 minister edukacji i nauki.<\/span><\/p>\n<p><span style=\"font-weight: 400;\">Kszta\u0142cenie na Wydziale Medycznym b\u0119dzie prowadzone we wsp\u00f3\u0142pracy z wroc\u0142awskimi szpitalami, z kt\u00f3rymi wkr\u00f3tce zostan\u0105 podpisane w\u0142a\u015bciwe porozumienia. Kadr\u0119 naukow\u0105 stanowi\u0107 b\u0119d\u0105 w znacznej cz\u0119\u015bci lekarze ze stopniami i tytu\u0142ami naukowymi. W pa\u017adzierniku 2023 r. nauk\u0119 na nowym wydziale ma rozpocz\u0105\u0107 60 student\u00f3w.<\/span><\/p>\n<p><span style=\"font-weight: 400;\">Wi\u0119cej: <\/span><a href=\"https:\/\/pwr.edu.pl\/uczelnia\/aktualnosci\/bedziemy-miec-wydzial-medyczny-12627.html\"><span style=\"font-weight: 400;\">https:\/\/pwr.edu.pl\/uczelnia\/aktualnosci\/bedziemy-miec-wydzial-medyczny-12627.html<\/span><\/a><\/p>\n<p>&nbsp;<\/p>\n<p><span style=\"font-weight: 400;\">jsz\u00a0\u00a0<\/span><\/p>\n","protected":false},"excerpt":{"rendered":"<p>Na Politechnice Wroc\u0142awskiej powstanie wydzia\u0142 medyczny. Od przysz\u0142ego roku akademickiego nauk\u0119 na pierwszym roku kierunku lekarskiego ma zacz\u0105\u0107 60 os\u00f3b. Studia b\u0119d\u0105 prowadzone we wsp\u00f3\u0142pracy z wroc\u0142awskimi szpitalami \u2013 informuje uczelnia. Powo\u0142anie nowego wydzia\u0142u zapowiedzia\u0142 rektor Politechniki, prof. Arkadiusz W\u00f3js. Ma to by\u0107 odpowied\u017a na brak kadry medycznej, z kt\u00f3rym borykaj\u0105 si\u0119 niemal wszystkie szpitale [&hellip;]<\/p>\n","protected":false},"author":6,"featured_media":242985,"comment_status":"closed","ping_status":"closed","sticky":false,"template":"","format":"standard","meta":[],"categories":[21],"tags":[],"_links":{"self":[{"href":"https:\/\/www.polishscience.pl\/pl\/wp-json\/wp\/v2\/posts\/242903"}],"collection":[{"href":"https:\/\/www.polishscience.pl\/pl\/wp-json\/wp\/v2\/posts"}],"about":[{"href":"https:\/\/www.polishscience.pl\/pl\/wp-json\/wp\/v2\/types\/post"}],"author":[{"embeddable":true,"href":"https:\/\/www.polishscience.pl\/pl\/wp-json\/wp\/v2\/users\/6"}],"replies":[{"embeddable":true,"href":"https:\/\/www.polishscience.pl\/pl\/wp-json\/wp\/v2\/comments?post=242903"}],"version-history":[{"count":0,"href":"https:\/\/www.polishscience.pl\/pl\/wp-json\/wp\/v2\/posts\/242903\/revisions"}],"wp:featuredmedia":[{"embeddable":true,"href":"https:\/\/www.polishscience.pl\/pl\/wp-json\/wp\/v2\/media\/242985"}],"wp:attachment":[{"href":"https:\/\/www.polishscience.pl\/pl\/wp-json\/wp\/v2\/media?parent=242903"}],"wp:term":[{"taxonomy":"category","embeddable":true,"href":"https:\/\/www.polishscience.pl\/pl\/wp-json\/wp\/v2\/categories?post=242903"},{"taxonomy":"post_tag","embeddable":true,"href":"https:\/\/www.polishscience.pl\/pl\/wp-json\/wp\/v2\/tags?post=242903"}],"curies":[{"name":"wp","href":"https:\/\/api.w.org\/{rel}","templated":true}]}}