{"id":242637,"date":"2022-10-05T10:17:26","date_gmt":"2022-10-05T08:17:26","guid":{"rendered":"https:\/\/polishscience.pl\/?p=242637"},"modified":"2022-10-05T10:17:26","modified_gmt":"2022-10-05T08:17:26","slug":"wydzial-prawa-i-administracji-uniwersytetu-opolskiego-bedzie-wspolpracowal-z-prokuratura-krajowa","status":"publish","type":"post","link":"https:\/\/www.polishscience.pl\/pl\/wydzial-prawa-i-administracji-uniwersytetu-opolskiego-bedzie-wspolpracowal-z-prokuratura-krajowa\/","title":{"rendered":"Wydzia\u0142 Prawa i Administracji Uniwersytetu Opolskiego b\u0119dzie wsp\u00f3\u0142pracowa\u0142 z Prokuratur\u0105 Krajow\u0105"},"content":{"rendered":"<p><b>Wydzia\u0142 Prawa i Administracji Uniwersytetu Opolskiego (UO) b\u0119dzie wsp\u00f3\u0142pracowa\u0142 z Prokuratur\u0105 Krajow\u0105. Porozumienie o wsp\u00f3\u0142pracy podpisali pierwszy zast\u0119pca prokuratora generalnego,\u00a0 prokurator krajowy Dariusz Barski i dziekan wydzia\u0142u, prof. UO dr hab. Pawe\u0142 Sobczyk \u2013 informuje uczelnia.<\/b><\/p>\n<p><span style=\"font-weight: 400;\">Wsp\u00f3\u0142praca mi\u0119dzy stronami ma obejmowa\u0107 w szczeg\u00f3lno\u015bci prowadzenie wsp\u00f3lnych bada\u0144 dotycz\u0105cych problematyki przest\u0119pczo\u015bci, jej zwalczania i zapobiegania oraz kontroli, a tak\u017ce realizowanie na wydziale prawa i administracji zaj\u0119\u0107 dydaktycznych dotycz\u0105cych funkcjonowania i roli prokuratury w zakresie \u015bcigania przest\u0119pstw i stania na stra\u017cy praworz\u0105dno\u015bci<\/span><\/p>\n<p><span style=\"font-weight: 400;\">Porozumienie reguluje te\u017c kwesti\u0119 udzia\u0142u przedstawicieli prokuratury w zaj\u0119ciach dla student\u00f3w; organizowania spotka\u0144 przedstawicieli prokuratury ze studentami, maj\u0105cych na celu zapoznanie ich z zadaniami i funkcjonowaniem prokuratury oraz organizowania wsp\u00f3lnych seminari\u00f3w i konferencji naukowych dotycz\u0105cych problematyki przest\u0119pczo\u015bci.<\/span><\/p>\n<p><span style=\"font-weight: 400;\">Wi\u0119cej: <\/span><a href=\"https:\/\/uni.opole.pl\/page\/5273\/porozumienie-o-wspolpracy-wydzialu-prawa-i-administracji-uo-z-prokuratura-krajowa\"><span style=\"font-weight: 400;\">https:\/\/uni.opole.pl\/page\/5273\/porozumienie-o-wspolpracy-wydzialu-prawa-i-administracji-uo-z-prokuratura-krajowa<\/span><\/a><\/p>\n<p>&nbsp;<\/p>\n<p><span style=\"font-weight: 400;\">jsz<\/span><\/p>\n","protected":false},"excerpt":{"rendered":"<p>Wydzia\u0142 Prawa i Administracji Uniwersytetu Opolskiego (UO) b\u0119dzie wsp\u00f3\u0142pracowa\u0142 z Prokuratur\u0105 Krajow\u0105. Porozumienie o wsp\u00f3\u0142pracy podpisali pierwszy zast\u0119pca prokuratora generalnego,\u00a0 prokurator krajowy Dariusz Barski i dziekan wydzia\u0142u, prof. UO dr hab. Pawe\u0142 Sobczyk \u2013 informuje uczelnia. Wsp\u00f3\u0142praca mi\u0119dzy stronami ma obejmowa\u0107 w szczeg\u00f3lno\u015bci prowadzenie wsp\u00f3lnych bada\u0144 dotycz\u0105cych problematyki przest\u0119pczo\u015bci, jej zwalczania i zapobiegania oraz kontroli, [&hellip;]<\/p>\n","protected":false},"author":6,"featured_media":242714,"comment_status":"closed","ping_status":"closed","sticky":false,"template":"","format":"standard","meta":[],"categories":[21],"tags":[],"_links":{"self":[{"href":"https:\/\/www.polishscience.pl\/pl\/wp-json\/wp\/v2\/posts\/242637"}],"collection":[{"href":"https:\/\/www.polishscience.pl\/pl\/wp-json\/wp\/v2\/posts"}],"about":[{"href":"https:\/\/www.polishscience.pl\/pl\/wp-json\/wp\/v2\/types\/post"}],"author":[{"embeddable":true,"href":"https:\/\/www.polishscience.pl\/pl\/wp-json\/wp\/v2\/users\/6"}],"replies":[{"embeddable":true,"href":"https:\/\/www.polishscience.pl\/pl\/wp-json\/wp\/v2\/comments?post=242637"}],"version-history":[{"count":0,"href":"https:\/\/www.polishscience.pl\/pl\/wp-json\/wp\/v2\/posts\/242637\/revisions"}],"wp:featuredmedia":[{"embeddable":true,"href":"https:\/\/www.polishscience.pl\/pl\/wp-json\/wp\/v2\/media\/242714"}],"wp:attachment":[{"href":"https:\/\/www.polishscience.pl\/pl\/wp-json\/wp\/v2\/media?parent=242637"}],"wp:term":[{"taxonomy":"category","embeddable":true,"href":"https:\/\/www.polishscience.pl\/pl\/wp-json\/wp\/v2\/categories?post=242637"},{"taxonomy":"post_tag","embeddable":true,"href":"https:\/\/www.polishscience.pl\/pl\/wp-json\/wp\/v2\/tags?post=242637"}],"curies":[{"name":"wp","href":"https:\/\/api.w.org\/{rel}","templated":true}]}}