{"id":242321,"date":"2022-10-04T09:56:21","date_gmt":"2022-10-04T07:56:21","guid":{"rendered":"https:\/\/polishscience.pl\/?p=242321"},"modified":"2022-10-04T09:56:21","modified_gmt":"2022-10-04T07:56:21","slug":"15-mld-zl-na-zwiekszenie-wynagrodzen-nauczycieli-akademickich","status":"publish","type":"post","link":"https:\/\/www.polishscience.pl\/pl\/15-mld-zl-na-zwiekszenie-wynagrodzen-nauczycieli-akademickich\/","title":{"rendered":"1,5 mld z\u0142 na zwi\u0119kszenie wynagrodze\u0144 nauczycieli akademickich"},"content":{"rendered":"<p><b>W tym niezwykle trudnym czasie uda\u0142o si\u0119 wyasygnowa\u0107 \u0142\u0105cznie ponad 1,5 mld z\u0142 na zwi\u0119kszenie \u015brodk\u00f3w finansowych z przeznaczeniem na podwy\u017cki wynagrodze\u0144. Te pieni\u0105dze b\u0119d\u0105 w dyspozycji rektor\u00f3w \u2013 powiedzia\u0142 minister edukacji i nauki Przemys\u0142aw Czarnek podczas inauguracji roku akademickiego 2022\/23 na Uniwersytecie Rzeszowskim.<\/b><\/p>\n<p>W obecnym roku kalendarzowym subwencja zostanie zwi\u0119kszona o 150 mln z\u0142 z przeznaczeniem na wynagrodzenia nauczycieli akademickich. Spowoduje to, \u017ce w przysz\u0142ym roku kalendarzowym w bud\u017cecie znajdzie si\u0119 o 600 mln z\u0142 wi\u0119cej na pensje pracownik\u00f3w szk\u00f3\u0142 wy\u017cszych. Dodatkowo od maja ta pula zostanie zwi\u0119kszona o 700 mln z\u0142. \u0141\u0105cznie na podwy\u017cki dla pracownik\u00f3w uczelni w bie\u017c\u0105cym i przysz\u0142ym roku kalendarzowym resort edukacji i nauki przeznaczy prawie 1,5 mld z\u0142.<\/p>\n<p>Podczas uroczysto\u015bci minister Czarnek wyg\u0142osi\u0142 wyk\u0142ad inauguracyjny \u201eWolno\u015b\u0107 s\u0142owa i wolno\u015b\u0107 tw\u00f3rczo\u015bci artystycznej w Konstytucji Rzeczypospolitej Polskiej\u201d.<\/p>\n<p>jp<\/p>\n","protected":false},"excerpt":{"rendered":"<p>W tym niezwykle trudnym czasie uda\u0142o si\u0119 wyasygnowa\u0107 \u0142\u0105cznie ponad 1,5 mld z\u0142 na zwi\u0119kszenie \u015brodk\u00f3w finansowych z przeznaczeniem na podwy\u017cki wynagrodze\u0144. Te pieni\u0105dze b\u0119d\u0105 w dyspozycji rektor\u00f3w \u2013 powiedzia\u0142 minister edukacji i nauki Przemys\u0142aw Czarnek podczas inauguracji roku akademickiego 2022\/23 na Uniwersytecie Rzeszowskim. W obecnym roku kalendarzowym subwencja zostanie zwi\u0119kszona o 150 mln z\u0142 [&hellip;]<\/p>\n","protected":false},"author":6,"featured_media":242331,"comment_status":"closed","ping_status":"closed","sticky":false,"template":"","format":"standard","meta":[],"categories":[21],"tags":[],"_links":{"self":[{"href":"https:\/\/www.polishscience.pl\/pl\/wp-json\/wp\/v2\/posts\/242321"}],"collection":[{"href":"https:\/\/www.polishscience.pl\/pl\/wp-json\/wp\/v2\/posts"}],"about":[{"href":"https:\/\/www.polishscience.pl\/pl\/wp-json\/wp\/v2\/types\/post"}],"author":[{"embeddable":true,"href":"https:\/\/www.polishscience.pl\/pl\/wp-json\/wp\/v2\/users\/6"}],"replies":[{"embeddable":true,"href":"https:\/\/www.polishscience.pl\/pl\/wp-json\/wp\/v2\/comments?post=242321"}],"version-history":[{"count":0,"href":"https:\/\/www.polishscience.pl\/pl\/wp-json\/wp\/v2\/posts\/242321\/revisions"}],"wp:featuredmedia":[{"embeddable":true,"href":"https:\/\/www.polishscience.pl\/pl\/wp-json\/wp\/v2\/media\/242331"}],"wp:attachment":[{"href":"https:\/\/www.polishscience.pl\/pl\/wp-json\/wp\/v2\/media?parent=242321"}],"wp:term":[{"taxonomy":"category","embeddable":true,"href":"https:\/\/www.polishscience.pl\/pl\/wp-json\/wp\/v2\/categories?post=242321"},{"taxonomy":"post_tag","embeddable":true,"href":"https:\/\/www.polishscience.pl\/pl\/wp-json\/wp\/v2\/tags?post=242321"}],"curies":[{"name":"wp","href":"https:\/\/api.w.org\/{rel}","templated":true}]}}