{"id":241395,"date":"2022-09-28T10:44:54","date_gmt":"2022-09-28T08:44:54","guid":{"rendered":"https:\/\/polishscience.pl\/?p=241395"},"modified":"2022-09-28T10:44:54","modified_gmt":"2022-09-28T08:44:54","slug":"wkrotce-otwarcie-centrum-relacji-katolicko-zydowskich-katolickiego-uniwersytetu-lubelskiego","status":"publish","type":"post","link":"https:\/\/www.polishscience.pl\/pl\/wkrotce-otwarcie-centrum-relacji-katolicko-zydowskich-katolickiego-uniwersytetu-lubelskiego\/","title":{"rendered":"Wkr\u00f3tce otwarcie Centrum Relacji Katolicko-\u017bydowskich Katolickiego Uniwersytetu Lubelskiego"},"content":{"rendered":"<p><b>Badania naukowe, publikacje, mi\u0119dzynarodowe sympozja, konferencje, debaty, a tak\u017ce wydarzenia kulturalne oraz budowanie relacji pomi\u0119dzy studentami z Polski i Izraela \u2013 to g\u0142\u00f3wne zadania Centrum Relacji Katolicko-\u017bydowskich KUL im. Abrahama J. Heschela, kt\u00f3rego inauguracja odb\u0119dzie si\u0119 17 pa\u017adziernika 2022 roku.\u00a0<\/b><\/p>\n<p><span style=\"font-weight: 400;\">Jak poinformowa\u0142 rektor Katolickiego Uniwersytetu Lubelskiego (KUL) Jana Paw\u0142a II ks. prof. Miros\u0142aw Kalinowski, prace nad powo\u0142aniem Centrum trwaj\u0105 od kilku miesi\u0119cy, b\u0119dzie ono jednostk\u0105 funkcjonuj\u0105c\u0105 w strukturze uniwersytetu.\u00a0<\/span><\/p>\n<p><span style=\"font-weight: 400;\">Planujemy, by poza dzia\u0142alno\u015bci\u0105 naukow\u0105 i badaniami dotycz\u0105cymi historii, kultury, wsp\u00f3lnego dziedzictwa oraz dialogu mi\u0119dzyreligijnego, przygotowywane by\u0142y r\u00f3wnie\u017c projekty spo\u0142eczno-kulturalne.\u00a0Strategiczn\u0105 kwesti\u0105 jest zaanga\u017cowanie m\u0142odych ludzi z Polski i Izraela, wzajemne wizyty i wydarzenia z ich udzia\u0142em.\u00a0Chcemy, by ta dzia\u0142alno\u015b\u0107 by\u0142a szeroko obecna w przestrzeni Internetu\u00a0\u2013 powiedzia\u0142 ks. prof. Kalinowski.<\/span><\/p>\n<p><span style=\"font-weight: 400;\">jp<\/span><\/p>\n","protected":false},"excerpt":{"rendered":"<p>Badania naukowe, publikacje, mi\u0119dzynarodowe sympozja, konferencje, debaty, a tak\u017ce wydarzenia kulturalne oraz budowanie relacji pomi\u0119dzy studentami z Polski i Izraela \u2013 to g\u0142\u00f3wne zadania Centrum Relacji Katolicko-\u017bydowskich KUL im. Abrahama J. Heschela, kt\u00f3rego inauguracja odb\u0119dzie si\u0119 17 pa\u017adziernika 2022 roku.\u00a0 Jak poinformowa\u0142 rektor Katolickiego Uniwersytetu Lubelskiego (KUL) Jana Paw\u0142a II ks. prof. Miros\u0142aw Kalinowski, prace [&hellip;]<\/p>\n","protected":false},"author":6,"featured_media":241430,"comment_status":"closed","ping_status":"closed","sticky":false,"template":"","format":"standard","meta":[],"categories":[21],"tags":[],"_links":{"self":[{"href":"https:\/\/www.polishscience.pl\/pl\/wp-json\/wp\/v2\/posts\/241395"}],"collection":[{"href":"https:\/\/www.polishscience.pl\/pl\/wp-json\/wp\/v2\/posts"}],"about":[{"href":"https:\/\/www.polishscience.pl\/pl\/wp-json\/wp\/v2\/types\/post"}],"author":[{"embeddable":true,"href":"https:\/\/www.polishscience.pl\/pl\/wp-json\/wp\/v2\/users\/6"}],"replies":[{"embeddable":true,"href":"https:\/\/www.polishscience.pl\/pl\/wp-json\/wp\/v2\/comments?post=241395"}],"version-history":[{"count":0,"href":"https:\/\/www.polishscience.pl\/pl\/wp-json\/wp\/v2\/posts\/241395\/revisions"}],"wp:featuredmedia":[{"embeddable":true,"href":"https:\/\/www.polishscience.pl\/pl\/wp-json\/wp\/v2\/media\/241430"}],"wp:attachment":[{"href":"https:\/\/www.polishscience.pl\/pl\/wp-json\/wp\/v2\/media?parent=241395"}],"wp:term":[{"taxonomy":"category","embeddable":true,"href":"https:\/\/www.polishscience.pl\/pl\/wp-json\/wp\/v2\/categories?post=241395"},{"taxonomy":"post_tag","embeddable":true,"href":"https:\/\/www.polishscience.pl\/pl\/wp-json\/wp\/v2\/tags?post=241395"}],"curies":[{"name":"wp","href":"https:\/\/api.w.org\/{rel}","templated":true}]}}