{"id":240052,"date":"2022-09-20T10:50:31","date_gmt":"2022-09-20T08:50:31","guid":{"rendered":"https:\/\/polishscience.pl\/?p=240052"},"modified":"2022-09-20T10:50:31","modified_gmt":"2022-09-20T08:50:31","slug":"warszawska-siec-przedszkoli-i-szkol-cwiczen-uniwersytetu-warszawskiego","status":"publish","type":"post","link":"https:\/\/www.polishscience.pl\/pl\/warszawska-siec-przedszkoli-i-szkol-cwiczen-uniwersytetu-warszawskiego\/","title":{"rendered":"\u201eWarszawska sie\u0107 przedszkoli i szk\u00f3\u0142 \u0107wicze\u0144 Uniwersytetu Warszawskiego\u201d"},"content":{"rendered":"<p><b>Uniwersytet Warszawski (UW) podpisa\u0142 porozumienie z miastem sto\u0142\u0142ecznym Warszaw\u0105 w sprawie uruchomienia wsp\u00f3lnego projektu \u201eWarszawska sie\u0107 przedszkoli i szk\u00f3\u0142 \u0107wicze\u0144 Uniwersytetu Warszawskiego\u201d.\u00a0<\/b><\/p>\n<p><span style=\"font-weight: 400;\">Wsp\u00f3\u0142praca UW i warszawskich plac\u00f3wek o\u015bwiatowych obejmowa\u0107 b\u0119dzie m.in. praktyki nauczycielskie dla student\u00f3w UW oraz zaj\u0119cia rozszerzaj\u0105ce kompetencje kadry pedagogicznej szk\u00f3\u0142 i przedszkoli.<\/span><\/p>\n<p><span style=\"font-weight: 400;\">W roku akademickim 2022\/2023 studenci skorzystaj\u0105 z blisko 80 miejsc praktyk w przedszkolach i prawie 200 miejsc praktyk w szko\u0142ach podstawowych i ponadpodstawowych. Na UW odb\u0119d\u0105 si\u0119 tak\u017ce zaj\u0119cia doskonal\u0105ce kompetencje naukowe i dydaktyczne kadry pedagogicznej.<\/span><\/p>\n<p><span style=\"font-weight: 400;\">Nauczyciele b\u0119d\u0105 mieli mo\u017cliwo\u015b\u0107 udzia\u0142u w wyk\u0142adach go\u015bcinnych, seminariach i innych wydarzeniach naukowych organizowanych na uczelni, a uczniowie \u2013 w uniwersyteckich projektach naukowych i popularnonaukowych.<\/span><\/p>\n<p><span style=\"font-weight: 400;\">jp<\/span><\/p>\n","protected":false},"excerpt":{"rendered":"<p>Uniwersytet Warszawski (UW) podpisa\u0142 porozumienie z miastem sto\u0142\u0142ecznym Warszaw\u0105 w sprawie uruchomienia wsp\u00f3lnego projektu \u201eWarszawska sie\u0107 przedszkoli i szk\u00f3\u0142 \u0107wicze\u0144 Uniwersytetu Warszawskiego\u201d.\u00a0 Wsp\u00f3\u0142praca UW i warszawskich plac\u00f3wek o\u015bwiatowych obejmowa\u0107 b\u0119dzie m.in. praktyki nauczycielskie dla student\u00f3w UW oraz zaj\u0119cia rozszerzaj\u0105ce kompetencje kadry pedagogicznej szk\u00f3\u0142 i przedszkoli. W roku akademickim 2022\/2023 studenci skorzystaj\u0105 z blisko 80 miejsc [&hellip;]<\/p>\n","protected":false},"author":6,"featured_media":240070,"comment_status":"closed","ping_status":"closed","sticky":false,"template":"","format":"standard","meta":[],"categories":[21],"tags":[],"_links":{"self":[{"href":"https:\/\/www.polishscience.pl\/pl\/wp-json\/wp\/v2\/posts\/240052"}],"collection":[{"href":"https:\/\/www.polishscience.pl\/pl\/wp-json\/wp\/v2\/posts"}],"about":[{"href":"https:\/\/www.polishscience.pl\/pl\/wp-json\/wp\/v2\/types\/post"}],"author":[{"embeddable":true,"href":"https:\/\/www.polishscience.pl\/pl\/wp-json\/wp\/v2\/users\/6"}],"replies":[{"embeddable":true,"href":"https:\/\/www.polishscience.pl\/pl\/wp-json\/wp\/v2\/comments?post=240052"}],"version-history":[{"count":0,"href":"https:\/\/www.polishscience.pl\/pl\/wp-json\/wp\/v2\/posts\/240052\/revisions"}],"wp:featuredmedia":[{"embeddable":true,"href":"https:\/\/www.polishscience.pl\/pl\/wp-json\/wp\/v2\/media\/240070"}],"wp:attachment":[{"href":"https:\/\/www.polishscience.pl\/pl\/wp-json\/wp\/v2\/media?parent=240052"}],"wp:term":[{"taxonomy":"category","embeddable":true,"href":"https:\/\/www.polishscience.pl\/pl\/wp-json\/wp\/v2\/categories?post=240052"},{"taxonomy":"post_tag","embeddable":true,"href":"https:\/\/www.polishscience.pl\/pl\/wp-json\/wp\/v2\/tags?post=240052"}],"curies":[{"name":"wp","href":"https:\/\/api.w.org\/{rel}","templated":true}]}}