{"id":239620,"date":"2022-09-16T10:33:08","date_gmt":"2022-09-16T08:33:08","guid":{"rendered":"https:\/\/polishscience.pl\/?p=239620"},"modified":"2022-09-16T10:33:08","modified_gmt":"2022-09-16T08:33:08","slug":"interdyscyplinarne-studia-podyplomowe-archikultura-edukator-architektoniczny-2","status":"publish","type":"post","link":"https:\/\/www.polishscience.pl\/pl\/interdyscyplinarne-studia-podyplomowe-archikultura-edukator-architektoniczny-2\/","title":{"rendered":"Interdyscyplinarne studia podyplomowe \u201eArchi:kultura \u2013 edukator architektoniczny\u201d"},"content":{"rendered":"<p><b>Do 25 wrze\u015bnia 2022 r. trwa rekrutacja na studia podyplomowe \u201eArchi:kultura \u2013 edukator architektoniczny\u201d. Jest to nowatorski projekt wsp\u00f3\u0142realizowany przez Politechnik\u0119 Krakowsk\u0105 (PK), Narodowy Instytut Architektury i Urbanistyki, Uniwersytet Pedagogiczny w Krakowie i Politechnik\u0119 Gda\u0144sk\u0105.\u00a0<\/b><\/p>\n<p><span style=\"font-weight: 400;\">Studia, kt\u00f3rych pierwsza edycja wystartowa\u0142a w ub. roku, s\u0142u\u017c\u0105 wykszta\u0142ceniu kadry edukator\u00f3w, mediator\u00f3w i nauczycieli, kt\u00f3rzy b\u0119d\u0105 przygotowani do popularyzacji wiedzy o \u015brodowisku zbudowanym w kontek\u015bcie powszechnego d\u0105\u017cenia do podnoszenia kultury budowania i jako\u015bci otaczaj\u0105cej nas przestrzeni \u2013 informuje PK.<\/span><\/p>\n<p><span style=\"font-weight: 400;\">Koncepcja studi\u00f3w zasadza si\u0119 na za\u0142o\u017ceniu interdyscyplinarnego dialogu mi\u0119dzy kierunkami pedagogicznymi i projektowo-architektonicznymi na rzecz tzw. powszechnej edukacji architektonicznej.\u00a0<\/span><\/p>\n<p><span style=\"font-weight: 400;\">Wi\u0119cej: <\/span><span style=\"font-weight: 400;\"><br \/>\n<\/span><a href=\"https:\/\/niaiu.pl\/dzialalnosc\/archikultura\/\"><span style=\"font-weight: 400;\">https:\/\/niaiu.pl\/dzialalnosc\/archikultura\/<\/span><\/a><\/p>\n<p><span style=\"font-weight: 400;\">jp<\/span><\/p>\n","protected":false},"excerpt":{"rendered":"<p>Do 25 wrze\u015bnia 2022 r. trwa rekrutacja na studia podyplomowe \u201eArchi:kultura \u2013 edukator architektoniczny\u201d. Jest to nowatorski projekt wsp\u00f3\u0142realizowany przez Politechnik\u0119 Krakowsk\u0105 (PK), Narodowy Instytut Architektury i Urbanistyki, Uniwersytet Pedagogiczny w Krakowie i Politechnik\u0119 Gda\u0144sk\u0105.\u00a0 Studia, kt\u00f3rych pierwsza edycja wystartowa\u0142a w ub. roku, s\u0142u\u017c\u0105 wykszta\u0142ceniu kadry edukator\u00f3w, mediator\u00f3w i nauczycieli, kt\u00f3rzy b\u0119d\u0105 przygotowani do popularyzacji [&hellip;]<\/p>\n","protected":false},"author":6,"featured_media":239636,"comment_status":"closed","ping_status":"closed","sticky":false,"template":"","format":"standard","meta":[],"categories":[21],"tags":[],"_links":{"self":[{"href":"https:\/\/www.polishscience.pl\/pl\/wp-json\/wp\/v2\/posts\/239620"}],"collection":[{"href":"https:\/\/www.polishscience.pl\/pl\/wp-json\/wp\/v2\/posts"}],"about":[{"href":"https:\/\/www.polishscience.pl\/pl\/wp-json\/wp\/v2\/types\/post"}],"author":[{"embeddable":true,"href":"https:\/\/www.polishscience.pl\/pl\/wp-json\/wp\/v2\/users\/6"}],"replies":[{"embeddable":true,"href":"https:\/\/www.polishscience.pl\/pl\/wp-json\/wp\/v2\/comments?post=239620"}],"version-history":[{"count":0,"href":"https:\/\/www.polishscience.pl\/pl\/wp-json\/wp\/v2\/posts\/239620\/revisions"}],"wp:featuredmedia":[{"embeddable":true,"href":"https:\/\/www.polishscience.pl\/pl\/wp-json\/wp\/v2\/media\/239636"}],"wp:attachment":[{"href":"https:\/\/www.polishscience.pl\/pl\/wp-json\/wp\/v2\/media?parent=239620"}],"wp:term":[{"taxonomy":"category","embeddable":true,"href":"https:\/\/www.polishscience.pl\/pl\/wp-json\/wp\/v2\/categories?post=239620"},{"taxonomy":"post_tag","embeddable":true,"href":"https:\/\/www.polishscience.pl\/pl\/wp-json\/wp\/v2\/tags?post=239620"}],"curies":[{"name":"wp","href":"https:\/\/api.w.org\/{rel}","templated":true}]}}