{"id":238637,"date":"2022-09-12T10:05:29","date_gmt":"2022-09-12T08:05:29","guid":{"rendered":"https:\/\/polishscience.pl\/?p=238637"},"modified":"2022-09-12T13:12:31","modified_gmt":"2022-09-12T11:12:31","slug":"wspolpraca-uniwersytetu-wroclawskiego-i-naczelnej-rady-adwokackiej","status":"publish","type":"post","link":"https:\/\/www.polishscience.pl\/pl\/wspolpraca-uniwersytetu-wroclawskiego-i-naczelnej-rady-adwokackiej\/","title":{"rendered":"Wsp\u00f3\u0142praca Uniwersytetu Wroc\u0142awskiego i Naczelnej Rady Adwokackiej"},"content":{"rendered":"<p><b>Wydzia\u0142 Prawa, Administracji i Ekonomii Uniwersytetu Wroc\u0142awskiego b\u0119dzie wsp\u00f3\u0142pracowa\u0142 z Naczeln\u0105 Rad\u0105 Adwokack\u0105 (NRA) w Warszawie. Dokument o wsp\u00f3\u0142pracy podpisali: dziekan Wydzia\u0142u prof. Jacek Przygodzki oraz prezes NRA w Warszawie adw. Przemys\u0142aw Rosati i cz\u0142onkowie Rady: adw. Bartosz Grohman i adw. S\u0142awomir Krze\u015b \u2013 dziekan Okr\u0119gowej Rady Adwokackiej we Wroc\u0142awiu.<\/b><\/p>\n<p><span style=\"font-weight: 400;\">Porozumienie to dotyczy wzajemnej pomocy w ramach swoich kompetencji, maj\u0105c na celu, jak najlepsze efekty w obszarze badawczym i dydaktycznym obejmuj\u0105cym wsp\u00f3lny przedmiot zainteresowa\u0144 w zakresie nauk prawnych \u2013 czytamy w serwisie Uniwersytetu Wroc\u0142awskiego.<\/span><\/p>\n<p><span style=\"font-weight: 400;\">Dzi\u0119ki tej wsp\u00f3\u0142pracy studentki i studenci Wydzia\u0142u Prawa, Administracji i Ekonomii b\u0119d\u0105 mogli liczy\u0107 na praktyki i sta\u017ce w kancelariach adwokackich, organizowane b\u0119d\u0105 r\u00f3wnie\u017c wsp\u00f3lne konferencje i szkolenia adresowane szczeg\u00f3lnie do student\u00f3w prawa wroc\u0142awskiej uczelni.<\/span><\/p>\n<p><span style=\"font-weight: 400;\">Wi\u0119cej: <\/span><a href=\"https:\/\/uwr.edu.pl\/porozumienie-o-wspolpracy-wpae-i-naczelna-rada-adwokacka-w-warszawie\/\"><span style=\"font-weight: 400;\">https:\/\/uwr.edu.pl\/porozumienie-o-wspolpracy-wpae-i-naczelna-rada-adwokacka-w-warszawie\/<\/span><\/a><\/p>\n<p>&nbsp;<\/p>\n<p><span style=\"font-weight: 400;\">jsz<\/span><\/p>\n","protected":false},"excerpt":{"rendered":"<p>Wydzia\u0142 Prawa, Administracji i Ekonomii Uniwersytetu Wroc\u0142awskiego b\u0119dzie wsp\u00f3\u0142pracowa\u0142 z Naczeln\u0105 Rad\u0105 Adwokack\u0105 (NRA) w Warszawie. Dokument o wsp\u00f3\u0142pracy podpisali: dziekan Wydzia\u0142u prof. Jacek Przygodzki oraz prezes NRA w Warszawie adw. Przemys\u0142aw Rosati i cz\u0142onkowie Rady: adw. Bartosz Grohman i adw. S\u0142awomir Krze\u015b \u2013 dziekan Okr\u0119gowej Rady Adwokackiej we Wroc\u0142awiu. Porozumienie to dotyczy wzajemnej pomocy [&hellip;]<\/p>\n","protected":false},"author":6,"featured_media":238728,"comment_status":"closed","ping_status":"closed","sticky":false,"template":"","format":"standard","meta":[],"categories":[21],"tags":[],"_links":{"self":[{"href":"https:\/\/www.polishscience.pl\/pl\/wp-json\/wp\/v2\/posts\/238637"}],"collection":[{"href":"https:\/\/www.polishscience.pl\/pl\/wp-json\/wp\/v2\/posts"}],"about":[{"href":"https:\/\/www.polishscience.pl\/pl\/wp-json\/wp\/v2\/types\/post"}],"author":[{"embeddable":true,"href":"https:\/\/www.polishscience.pl\/pl\/wp-json\/wp\/v2\/users\/6"}],"replies":[{"embeddable":true,"href":"https:\/\/www.polishscience.pl\/pl\/wp-json\/wp\/v2\/comments?post=238637"}],"version-history":[{"count":0,"href":"https:\/\/www.polishscience.pl\/pl\/wp-json\/wp\/v2\/posts\/238637\/revisions"}],"wp:featuredmedia":[{"embeddable":true,"href":"https:\/\/www.polishscience.pl\/pl\/wp-json\/wp\/v2\/media\/238728"}],"wp:attachment":[{"href":"https:\/\/www.polishscience.pl\/pl\/wp-json\/wp\/v2\/media?parent=238637"}],"wp:term":[{"taxonomy":"category","embeddable":true,"href":"https:\/\/www.polishscience.pl\/pl\/wp-json\/wp\/v2\/categories?post=238637"},{"taxonomy":"post_tag","embeddable":true,"href":"https:\/\/www.polishscience.pl\/pl\/wp-json\/wp\/v2\/tags?post=238637"}],"curies":[{"name":"wp","href":"https:\/\/api.w.org\/{rel}","templated":true}]}}